{"id":22328,"date":"2025-04-28T19:24:54","date_gmt":"2025-04-28T19:24:54","guid":{"rendered":"http:\/\/staging.ibermusicas.org\/?p=22328"},"modified":"2025-06-03T15:59:27","modified_gmt":"2025-06-03T15:59:27","slug":"ricardo-vignini-do-brasil-e-o-gajo-de-portugal-vao-realizar-a-gravacao-e-o-lancamento-do-album-terra-livre-2","status":"publish","type":"post","link":"http:\/\/staging.ibermusicas.org\/index.php\/ricardo-vignini-do-brasil-e-o-gajo-de-portugal-vao-realizar-a-gravacao-e-o-lancamento-do-album-terra-livre-2\/","title":{"rendered":"Ricardo Vignini do Brasil e O Gajo de Portugal v\u00e3o realizar a grava\u00e7\u00e3o e o lan\u00e7amento do \u00c1lbum Terra Livre 2"},"content":{"rendered":"<p>\u201cTerra Livre\u201d \u00e9 o territ\u00f3rio explorat\u00f3rio de Ricardo e Jo\u00e3o, dois violeiros que t\u00eam as suas origens ligadas ao rock onde expandem os seus horizontes criativos sem f\u00f3rmulas ou regras pr\u00e9-definidas.<\/p>\n<p>&nbsp;<\/p>\n<p>Uma fus\u00e3o de dois diferentes pa\u00edses e, ao mesmo tempo, com povos t\u00e3o parecidos. Uma uni\u00e3o singular faz de \u201cTerra Livre\u201d um grito pela Liberdade num mundo cheio de intoler\u00e2ncias.<\/p>\n<p>&nbsp;<\/p>\n<p>\u201cTerra Livre 2\u201d ser\u00e1 gravado em S\u00e3o Paulo, Brasil, no est\u00fadio Bojo El\u00e9trico e no Est\u00fadio Toca do Gajo em Lisboa, Portugal, resultando em um disco com nove faixas assinadas por Ricardo Vignini e O Gajo.<\/p>\n<p>&nbsp;<\/p>\n<p>Nascido na cidade de S\u00e3o Paulo, o violeiro Ricardo Vignini, \u00e9 membro fundador da banda Matuto Moderno (1999), pioneira na fus\u00e3o de rock com m\u00fasica caipira, tamb\u00e9m faz parte do duo Moda de Rock com o violeiro Z\u00e9 Helder, apresentando releituras de cl\u00e1ssicos do rock, como can\u00e7\u00f5es de bandas como Led Zeppelin, Nirvana, Metallica, Rolling Stones e Queen. Trabalhou com Lenine, Zeca Baleiro, Pepeu Gomes, Z\u00e9 Geraldo, Robertinho de Recife, Guarabyra, Tavito, Tuia, Socorro Lira, Katya Teixeira, L\u00facio Maia, Renato Teixeira, Pena Branca, \u00cdndio Cachoeira, Edgard Scandurra, Marcos Suzano, Emmanuele Baldini, Spok, Liminha. participando dos principais eventos sobre a viola no Brasil, o, se apresentou nos EUA, M\u00e9xico, Canad\u00e1, Fran\u00e7a, Portugal e Argentina. Ao longo de sua trajet\u00f3ria Ricardo Vignini construiu uma discografia invej\u00e1vel, gravou 26 CDs, entre discos solo, com a banda Matuto Moderno, duo Moda de Rock, com o \u00cdndio Cachoeira.<\/p>\n<p>&nbsp;<\/p>\n<p>O Gajo nasceu em Lisboa pelas m\u00e3os de Jo\u00e3o Morais com o intuito de ligar a sua m\u00fasica \u00e0terra que o viu nascer, Portugal. \u00c9 assim que surge a rela\u00e7\u00e3o com a Viola Campani\u00e7a, um instrumento de raiz tradicional que faz parte da hist\u00f3ria centen\u00e1ria e cultural portuguesa. \u00c9 na regi\u00e3o rural do Alentejo que Jo\u00e3o Morais conhece a Viola Campani\u00e7a mas a que traz para a cidade de Lisboa ganha novas tonalidades. Afasta-se da linguagem mais tradicional explorando caminhos mais contempor\u00e2neos, mantendo intacta a sua Portugalidade. Em 2017 chega a grava\u00e7\u00e3o do primeiro disco \u201cLonge do Ch\u00e3o\u201d, em 2019 \u00e9 a vez das \u201c4 Esta\u00e7\u00f5es do GAJO\u201d, um disco quadripartido em 4 EP\u2019s dedicados a 4 esta\u00e7\u00f5es de comboio de Lisboa, em 2021 chega \u201cSubterr\u00e2neos\u201d em formato trio com a colabora\u00e7\u00e3o de dois conceituados m\u00fasicos da cena Jazz Portuguesa, Carlos Barretto e Jos\u00e9 Salgueiro.<\/p>\n<p>&nbsp;<\/p>\n<p>O presente projeto de Ricardo Vignini em colabora\u00e7\u00e3o com O Gajo, foi vencedor da chamada 2024 do Programa Iberm\u00fasicas na linha de \u201cApoio a projetos virtuais\u201d.<\/p>\n","protected":false},"excerpt":{"rendered":"<p>\u201cTerra Livre\u201d \u00e9 o territ\u00f3rio explorat\u00f3rio de Ricardo e Jo\u00e3o, dois violeiros que t\u00eam as suas origens ligadas ao rock onde expandem os seus horizontes criativos sem f\u00f3rmulas ou regras pr\u00e9-definidas. &nbsp; Uma fus\u00e3o de dois diferentes pa\u00edses e, ao mesmo tempo, com povos t\u00e3o parecidos. Uma uni\u00e3o singular faz de \u201cTerra Livre\u201d um grito [&hellip;]<\/p>\n","protected":false},"author":7,"featured_media":22326,"comment_status":"closed","ping_status":"closed","sticky":false,"template":"","format":"standard","meta":{"footnotes":""},"categories":[218],"tags":[],"class_list":["post-22328","post","type-post","status-publish","format-standard","has-post-thumbnail","hentry","category-noticias-generales-pt"],"lang":"pt","translations":{"pt":22328,"es":22325},"pll_sync_post":[],"post_mailing_queue_ids":[],"_links":{"self":[{"href":"http:\/\/staging.ibermusicas.org\/index.php\/wp-json\/wp\/v2\/posts\/22328","targetHints":{"allow":["GET"]}}],"collection":[{"href":"http:\/\/staging.ibermusicas.org\/index.php\/wp-json\/wp\/v2\/posts"}],"about":[{"href":"http:\/\/staging.ibermusicas.org\/index.php\/wp-json\/wp\/v2\/types\/post"}],"author":[{"embeddable":true,"href":"http:\/\/staging.ibermusicas.org\/index.php\/wp-json\/wp\/v2\/users\/7"}],"replies":[{"embeddable":true,"href":"http:\/\/staging.ibermusicas.org\/index.php\/wp-json\/wp\/v2\/comments?post=22328"}],"version-history":[{"count":1,"href":"http:\/\/staging.ibermusicas.org\/index.php\/wp-json\/wp\/v2\/posts\/22328\/revisions"}],"predecessor-version":[{"id":22329,"href":"http:\/\/staging.ibermusicas.org\/index.php\/wp-json\/wp\/v2\/posts\/22328\/revisions\/22329"}],"wp:featuredmedia":[{"embeddable":true,"href":"http:\/\/staging.ibermusicas.org\/index.php\/wp-json\/wp\/v2\/media\/22326"}],"wp:attachment":[{"href":"http:\/\/staging.ibermusicas.org\/index.php\/wp-json\/wp\/v2\/media?parent=22328"}],"wp:term":[{"taxonomy":"category","embeddable":true,"href":"http:\/\/staging.ibermusicas.org\/index.php\/wp-json\/wp\/v2\/categories?post=22328"},{"taxonomy":"post_tag","embeddable":true,"href":"http:\/\/staging.ibermusicas.org\/index.php\/wp-json\/wp\/v2\/tags?post=22328"}],"curies":[{"name":"wp","href":"https:\/\/api.w.org\/{rel}","templated":true}]}}