{"id":22382,"date":"2025-05-14T13:27:34","date_gmt":"2025-05-14T13:27:34","guid":{"rendered":"http:\/\/staging.ibermusicas.org\/?p=22382"},"modified":"2025-06-03T15:56:20","modified_gmt":"2025-06-03T15:56:20","slug":"a-traves-de-su-presidenta-el-programa-ibermusicas-se-hizo-presente-en-la-iii-reunion-extraordinaria-de-ministros-de-cultura-de-la-cplp-celebrada-en-santo-tome-y-principe-el-7-de-mayo","status":"publish","type":"post","link":"http:\/\/staging.ibermusicas.org\/index.php\/a-traves-de-su-presidenta-el-programa-ibermusicas-se-hizo-presente-en-la-iii-reunion-extraordinaria-de-ministros-de-cultura-de-la-cplp-celebrada-en-santo-tome-y-principe-el-7-de-mayo\/","title":{"rendered":"A trav\u00e9s de su presidenta, el Programa Iberm\u00fasicas se hizo presente en la III Reuni\u00f3n Extraordinaria de Ministros de Cultura de la CPLP, celebrada en Santo Tom\u00e9 y Pr\u00edncipe el 7 de mayo"},"content":{"rendered":"<p>Eul\u00edcia Est\u00e9ves, Presidenta del Programa Iberm\u00fasicas, particip\u00f3 de la Semana de la Cultura de la Comunidad de Pa\u00edses de Lengua Portuguesa que se realiz\u00f3 en Santo Tom\u00e9 y Pr\u00edncipe, en tanto Capital de la Cultura de la CPLP 2025.<\/p>\n<p>En esa ocasi\u00f3n, nuestra presidenta se\u00f1al\u00f3 que el Programa desea acercarse cada vez m\u00e1s a los pa\u00edses que tienen v\u00ednculos hist\u00f3ricos y culturales con la regi\u00f3n iberoamericana. En este sentido, destac\u00f3 la importancia del acuerdo de cooperaci\u00f3n firmado entre las dos organizaciones, Iberm\u00fasicas y la CPLP, y el primer fruto de este acuerdo: la convocatoria Viajes por la M\u00fasica en Lengua Portuguesa, realizada por primera vez el a\u00f1o pasado.<\/p>\n<p>Tambi\u00e9n se\u00f1al\u00f3 que, por iniciativa de Brasil y Portugal, se mantendr\u00e1 esta l\u00ednea de apoyo a los agentes musicales de los pa\u00edses PALOP y Timor Oriental, con miras a ampliar las conexiones musicales entre Iberoam\u00e9rica, \u00c1frica y Asia.<\/p>\n<p>Como representante de la Fundaci\u00f3n Nacional de las Artes de Brasil, la presidenta del Programa tambi\u00e9n particip\u00f3 en el Foro sobre Pol\u00edticas P\u00fablicas Culturales para el Desarrollo Sostenible en la CPLP, ocasi\u00f3n en la que anunci\u00f3 la apertura de la segunda edici\u00f3n de la mencionada convocatoria.<\/p>\n","protected":false},"excerpt":{"rendered":"<p>Eul\u00edcia Est\u00e9ves, Presidenta del Programa Iberm\u00fasicas, particip\u00f3 de la Semana de la Cultura de la Comunidad de Pa\u00edses de Lengua Portuguesa que se realiz\u00f3 en Santo Tom\u00e9 y Pr\u00edncipe, en tanto Capital de la Cultura de la CPLP 2025. En esa ocasi\u00f3n, nuestra presidenta se\u00f1al\u00f3 que el Programa desea acercarse cada vez m\u00e1s a los [&hellip;]<\/p>\n","protected":false},"author":7,"featured_media":22264,"comment_status":"closed","ping_status":"closed","sticky":false,"template":"","format":"standard","meta":{"footnotes":""},"categories":[53],"tags":[],"class_list":["post-22382","post","type-post","status-publish","format-standard","has-post-thumbnail","hentry","category-noticias-generales"],"lang":"es","translations":{"es":22382,"pt":22384},"pll_sync_post":[],"post_mailing_queue_ids":[],"_links":{"self":[{"href":"http:\/\/staging.ibermusicas.org\/index.php\/wp-json\/wp\/v2\/posts\/22382","targetHints":{"allow":["GET"]}}],"collection":[{"href":"http:\/\/staging.ibermusicas.org\/index.php\/wp-json\/wp\/v2\/posts"}],"about":[{"href":"http:\/\/staging.ibermusicas.org\/index.php\/wp-json\/wp\/v2\/types\/post"}],"author":[{"embeddable":true,"href":"http:\/\/staging.ibermusicas.org\/index.php\/wp-json\/wp\/v2\/users\/7"}],"replies":[{"embeddable":true,"href":"http:\/\/staging.ibermusicas.org\/index.php\/wp-json\/wp\/v2\/comments?post=22382"}],"version-history":[{"count":1,"href":"http:\/\/staging.ibermusicas.org\/index.php\/wp-json\/wp\/v2\/posts\/22382\/revisions"}],"predecessor-version":[{"id":22383,"href":"http:\/\/staging.ibermusicas.org\/index.php\/wp-json\/wp\/v2\/posts\/22382\/revisions\/22383"}],"wp:featuredmedia":[{"embeddable":true,"href":"http:\/\/staging.ibermusicas.org\/index.php\/wp-json\/wp\/v2\/media\/22264"}],"wp:attachment":[{"href":"http:\/\/staging.ibermusicas.org\/index.php\/wp-json\/wp\/v2\/media?parent=22382"}],"wp:term":[{"taxonomy":"category","embeddable":true,"href":"http:\/\/staging.ibermusicas.org\/index.php\/wp-json\/wp\/v2\/categories?post=22382"},{"taxonomy":"post_tag","embeddable":true,"href":"http:\/\/staging.ibermusicas.org\/index.php\/wp-json\/wp\/v2\/tags?post=22382"}],"curies":[{"name":"wp","href":"https:\/\/api.w.org\/{rel}","templated":true}]}}