{"id":22384,"date":"2025-05-14T13:29:41","date_gmt":"2025-05-14T13:29:41","guid":{"rendered":"http:\/\/staging.ibermusicas.org\/?p=22384"},"modified":"2025-06-03T15:59:18","modified_gmt":"2025-06-03T15:59:18","slug":"por-meio-da-sua-presidenta-o-programa-ibermusicas-esteve-presente-na-iii-reuniao-extraordinaria-de-ministros-da-cultura-da-cplp-realizada-em-sao-tome-e-principe-a-7-de-maio","status":"publish","type":"post","link":"http:\/\/staging.ibermusicas.org\/index.php\/por-meio-da-sua-presidenta-o-programa-ibermusicas-esteve-presente-na-iii-reuniao-extraordinaria-de-ministros-da-cultura-da-cplp-realizada-em-sao-tome-e-principe-a-7-de-maio\/","title":{"rendered":"Por meio da sua Presidenta, o Programa Iberm\u00fasicas\u00a0 esteve presente na III Reuni\u00e3o Extraordin\u00e1ria de Ministros da Cultura da CPLP, realizada em S\u00e3o Tom\u00e9 e Pr\u00edncipe, a 7 de maio"},"content":{"rendered":"<p>Eul\u00edcia Esteves, presidenta do Programa Iberm\u00fasicas, participou da Semana da Cultura da Comunidade dos Pa\u00edses de L\u00edngua Portuguesa, que ocorreu em S\u00e3o Tom\u00e9 e Pr\u00edncipe, enquanto Capital da Cultura da CPLP 2025.<\/p>\n<p>Na ocasi\u00e3o, houve oportunidade para manifestar que o Programa deseja aproximar-se cada vez mais dos pa\u00edses que t\u00eam la\u00e7os hist\u00f3ricos e culturais com a regi\u00e3o Ibero-Americana. Neste sentido, salientou a import\u00e2ncia do acordo de coopera\u00e7\u00e3o firmado entre as duas organiza\u00e7\u00f5es, Iberm\u00fasicas e CPLP, e do primeiro fruto deste acordo: a convocat\u00f3ria Viagens pela M\u00fasica em L\u00edngua Portuguesa, realizada pela primeira vez no ano passado.<\/p>\n<p>Confirmou, ainda, que, por iniciativa do Brasil e de Portugal, esta linha de apoio aos agentes da m\u00fasica dos PALOP e de Timor-Leste ser\u00e1 mantida, com o prop\u00f3sito de ampliar as conex\u00f5es musicais entre a Ibero-Am\u00e9rica, a \u00c1frica e a \u00c1sia.<\/p>\n<p>Como representante da Funda\u00e7\u00e3o Nacional de Artes do Brasil (FUNARTE), a presidenta do Programa tamb\u00e9m participou do F\u00f3rum sobre Pol\u00edticas P\u00fablicas Culturais para o Desenvolvimento Sustent\u00e1vel na CPLP, ocasi\u00e3o em que anunciou a segunda edi\u00e7\u00e3o da linha de apoio em apre\u00e7o.<\/p>\n","protected":false},"excerpt":{"rendered":"<p>Eul\u00edcia Esteves, presidenta do Programa Iberm\u00fasicas, participou da Semana da Cultura da Comunidade dos Pa\u00edses de L\u00edngua Portuguesa, que ocorreu em S\u00e3o Tom\u00e9 e Pr\u00edncipe, enquanto Capital da Cultura da CPLP 2025. Na ocasi\u00e3o, houve oportunidade para manifestar que o Programa deseja aproximar-se cada vez mais dos pa\u00edses que t\u00eam la\u00e7os hist\u00f3ricos e culturais com [&hellip;]<\/p>\n","protected":false},"author":7,"featured_media":22264,"comment_status":"closed","ping_status":"closed","sticky":false,"template":"","format":"standard","meta":{"footnotes":""},"categories":[218],"tags":[],"class_list":["post-22384","post","type-post","status-publish","format-standard","has-post-thumbnail","hentry","category-noticias-generales-pt"],"lang":"pt","translations":{"pt":22384,"es":22382},"pll_sync_post":[],"post_mailing_queue_ids":[],"_links":{"self":[{"href":"http:\/\/staging.ibermusicas.org\/index.php\/wp-json\/wp\/v2\/posts\/22384","targetHints":{"allow":["GET"]}}],"collection":[{"href":"http:\/\/staging.ibermusicas.org\/index.php\/wp-json\/wp\/v2\/posts"}],"about":[{"href":"http:\/\/staging.ibermusicas.org\/index.php\/wp-json\/wp\/v2\/types\/post"}],"author":[{"embeddable":true,"href":"http:\/\/staging.ibermusicas.org\/index.php\/wp-json\/wp\/v2\/users\/7"}],"replies":[{"embeddable":true,"href":"http:\/\/staging.ibermusicas.org\/index.php\/wp-json\/wp\/v2\/comments?post=22384"}],"version-history":[{"count":1,"href":"http:\/\/staging.ibermusicas.org\/index.php\/wp-json\/wp\/v2\/posts\/22384\/revisions"}],"predecessor-version":[{"id":22385,"href":"http:\/\/staging.ibermusicas.org\/index.php\/wp-json\/wp\/v2\/posts\/22384\/revisions\/22385"}],"wp:featuredmedia":[{"embeddable":true,"href":"http:\/\/staging.ibermusicas.org\/index.php\/wp-json\/wp\/v2\/media\/22264"}],"wp:attachment":[{"href":"http:\/\/staging.ibermusicas.org\/index.php\/wp-json\/wp\/v2\/media?parent=22384"}],"wp:term":[{"taxonomy":"category","embeddable":true,"href":"http:\/\/staging.ibermusicas.org\/index.php\/wp-json\/wp\/v2\/categories?post=22384"},{"taxonomy":"post_tag","embeddable":true,"href":"http:\/\/staging.ibermusicas.org\/index.php\/wp-json\/wp\/v2\/tags?post=22384"}],"curies":[{"name":"wp","href":"https:\/\/api.w.org\/{rel}","templated":true}]}}