{"id":22386,"date":"2025-05-14T14:48:19","date_gmt":"2025-05-14T14:48:19","guid":{"rendered":"http:\/\/staging.ibermusicas.org\/?p=22386"},"modified":"2025-06-03T15:56:12","modified_gmt":"2025-06-03T15:56:12","slug":"mariana-malinalli-de-mexico-y-christian-camilo-cuadrado-ulloa-de-colombia-lanzan-la-cancion-me-llamo-axolotl-cancion-con-la-cual-ganaron-el-premio-de-creacion-de-cancion-para-las-in","status":"publish","type":"post","link":"http:\/\/staging.ibermusicas.org\/index.php\/mariana-malinalli-de-mexico-y-christian-camilo-cuadrado-ulloa-de-colombia-lanzan-la-cancion-me-llamo-axolotl-cancion-con-la-cual-ganaron-el-premio-de-creacion-de-cancion-para-las-in\/","title":{"rendered":"Mariana Malinalli de M\u00e9xico y Christian Camilo Cuadrado Ulloa de Colombia lanzan la canci\u00f3n \u201cMe llamo Axolotl\u201d, canci\u00f3n con la cual ganaron el premio de Creaci\u00f3n de Canci\u00f3n para las Infancias, Iberm\u00fasicas 2024"},"content":{"rendered":"<p>\u201cMe llamo Axolotl\u201d es una canci\u00f3n para infancias escrita y compuesta por Mariana Malinalli (M\u00e9xico), con arreglos y producci\u00f3n de Christian Cuadrado (Colombia). La canci\u00f3n habla del ajolote, una especie end\u00e9mica de M\u00e9xico: un animal enigm\u00e1tico y m\u00e1gico, lleno de historia y simbolismo.<\/p>\n<p>&nbsp;<\/p>\n<p>A lo largo de la letra se describe como un ser con un nombre raro pero bonito, rosado y de mil colores; recuerda c\u00f3mo nadaba en las chinampas antes de la conquista, y c\u00f3mo incluso se le atribu\u00edan poderes medicinales.<\/p>\n<p>&nbsp;<\/p>\n<p>Con versos en espa\u00f1ol y n\u00e1huatl \u2014lengua originaria del centro de M\u00e9xico\u2014, la canci\u00f3n busca acercar a las infancias a esta especie emblem\u00e1tica. Musicalmente est\u00e1 inspirada en el son jarocho del sur de Veracruz, con la presencia del arpa, la jarana, la leona y un coro compuesto por ni\u00f1as y ni\u00f1os de la escuela de iniciaci\u00f3n Ollin Yoliztli.<\/p>\n<p>&nbsp;<\/p>\n<p>Letra y m\u00fasica de Mariana Malinalli. Arreglos y producci\u00f3n realizados por Christian Cuadrado. Arpa: Mar\u00eda Urbina. Leona: Ala\u00edde Le\u00f3n. Coro infantil Piltzin Ollin Yoliztli dirigido por Tania Hern\u00e1ndez Canseco. Mezcla: Emilio Hidalgo. Asistentes de producci\u00f3n: Emilio Hidalgo, Karla Castilla, Dante Ochoa, Sara Guti\u00e9rrez. Traducci\u00f3n al n\u00e1huatl: Akire Huauhtli. Portada: Tania Gabriela Rodr\u00edguez Fuentes.<\/p>\n<p>&nbsp;<\/p>\n<p>Escuchar: <a href=\"https:\/\/open.spotify.com\/intl-es\/track\/4M84OPUdutEaUqGqmmaJAv?si=797d2431a4974ae3\">https:\/\/open.spotify.com\/intl-es\/track\/4M84OPUdutEaUqGqmmaJAv?si=797d2431a4974ae3<\/a><\/p>\n","protected":false},"excerpt":{"rendered":"<p>\u201cMe llamo Axolotl\u201d es una canci\u00f3n para infancias escrita y compuesta por Mariana Malinalli (M\u00e9xico), con arreglos y producci\u00f3n de Christian Cuadrado (Colombia). La canci\u00f3n habla del ajolote, una especie end\u00e9mica de M\u00e9xico: un animal enigm\u00e1tico y m\u00e1gico, lleno de historia y simbolismo. &nbsp; A lo largo de la letra se describe como un ser [&hellip;]<\/p>\n","protected":false},"author":7,"featured_media":22389,"comment_status":"closed","ping_status":"closed","sticky":false,"template":"","format":"standard","meta":{"footnotes":""},"categories":[53],"tags":[],"class_list":["post-22386","post","type-post","status-publish","format-standard","has-post-thumbnail","hentry","category-noticias-generales"],"lang":"es","translations":{"es":22386,"pt":22391},"pll_sync_post":[],"post_mailing_queue_ids":[],"_links":{"self":[{"href":"http:\/\/staging.ibermusicas.org\/index.php\/wp-json\/wp\/v2\/posts\/22386","targetHints":{"allow":["GET"]}}],"collection":[{"href":"http:\/\/staging.ibermusicas.org\/index.php\/wp-json\/wp\/v2\/posts"}],"about":[{"href":"http:\/\/staging.ibermusicas.org\/index.php\/wp-json\/wp\/v2\/types\/post"}],"author":[{"embeddable":true,"href":"http:\/\/staging.ibermusicas.org\/index.php\/wp-json\/wp\/v2\/users\/7"}],"replies":[{"embeddable":true,"href":"http:\/\/staging.ibermusicas.org\/index.php\/wp-json\/wp\/v2\/comments?post=22386"}],"version-history":[{"count":1,"href":"http:\/\/staging.ibermusicas.org\/index.php\/wp-json\/wp\/v2\/posts\/22386\/revisions"}],"predecessor-version":[{"id":22390,"href":"http:\/\/staging.ibermusicas.org\/index.php\/wp-json\/wp\/v2\/posts\/22386\/revisions\/22390"}],"wp:featuredmedia":[{"embeddable":true,"href":"http:\/\/staging.ibermusicas.org\/index.php\/wp-json\/wp\/v2\/media\/22389"}],"wp:attachment":[{"href":"http:\/\/staging.ibermusicas.org\/index.php\/wp-json\/wp\/v2\/media?parent=22386"}],"wp:term":[{"taxonomy":"category","embeddable":true,"href":"http:\/\/staging.ibermusicas.org\/index.php\/wp-json\/wp\/v2\/categories?post=22386"},{"taxonomy":"post_tag","embeddable":true,"href":"http:\/\/staging.ibermusicas.org\/index.php\/wp-json\/wp\/v2\/tags?post=22386"}],"curies":[{"name":"wp","href":"https:\/\/api.w.org\/{rel}","templated":true}]}}