{"id":22393,"date":"2025-05-14T14:54:49","date_gmt":"2025-05-14T14:54:49","guid":{"rendered":"http:\/\/staging.ibermusicas.org\/?p=22393"},"modified":"2025-06-03T15:56:03","modified_gmt":"2025-06-03T15:56:03","slug":"el-duo-seda-integrado-por-los-argentinos-daniel-godfrid-y-sebastian-esposito-inicia-su-gira-europea-2025","status":"publish","type":"post","link":"http:\/\/staging.ibermusicas.org\/index.php\/el-duo-seda-integrado-por-los-argentinos-daniel-godfrid-y-sebastian-esposito-inicia-su-gira-europea-2025\/","title":{"rendered":"El d\u00fao Seda integrado por los argentinos Daniel Godfrid y Sebasti\u00e1n Esp\u00f3sito inicia su gira europea 2025"},"content":{"rendered":"<p>El d\u00fao Seda emprender\u00e1 una gira por Europa que incluir\u00e1 presentaciones y actividades en las ciudades de Madrid, Barcelona, Grenoble, Firminy, M\u00fanich, Stuttgart y Berl\u00edn. El cronograma de actividades abarca conciertos, workshops, talleres y una residencia art\u00edstica junto a m\u00fasicos de otros pa\u00edses de Iberoam\u00e9rica, como Espa\u00f1a, Uruguay y Argentina, fomentando as\u00ed el intercambio cultural y el desarrollo de redes colaborativas internacionales.<\/p>\n<p>&nbsp;<\/p>\n<p>Seda est\u00e1 integrado por el pianista Daniel Godfrid y el guitarrista Sebasti\u00e1n Esp\u00f3sito, se form\u00f3 hace diez a\u00f1os y cuenta con un repertorio amplio y diverso, centrado en la m\u00fasica popular argentina (cl\u00e1sicos del tango y del folklore) y en composiciones propias escritas especialmente para esta formaci\u00f3n. Desarrollan as\u00ed una propuesta musical potente y sutil, en la que el trabajo instrumental se destaca a la par de los arreglos originales y de nuevas composiciones.<\/p>\n<p>&nbsp;<\/p>\n<p>Daniel Godfrid es pianista, compositor y docente argentino, con una destacada trayectoria en el tango y la m\u00fasica popular. Desde 2004 colabora estrechamente con Lidia Borda como arreglador, productor e int\u00e9rprete, con quien grab\u00f3 cinco discos (dos de ellos galardonados con Premios Gardel) y un EP a d\u00fao titulado \u201cTrip\u201d. Integr\u00f3 la Orquesta Escuela de Tango dirigida por Emilio Balcarce y trabaj\u00f3 junto al armonicista Franco Luciani, tanto en d\u00fao (Arm\u00f3nica y Tango, 2006) como en el Franco Luciani Tr\u00edo (2012). Se ha presentado en escenarios de Argentina y el exterior como solista y acompa\u00f1ando a reconocidos artistas del tango y el folclore. Compuso m\u00fasica para cine y es un destacado maestro de piano en los principales conservatorios de la ciudad y la provincia de Buenos Aires.<\/p>\n<p>&nbsp;<\/p>\n<p>Sebasti\u00e1n Esp\u00f3sito es guitarrista, compositor y productor argentino. Ha colaborado con destacados artistas como Le\u00f3n Gieco, Abel Pintos, Lidia Borda, Gabo Ferro, Roxana Amed, Natalie P\u00e9rez, Rodolfo Garc\u00eda y Yusa, entre otros. Desde 2008 es Director Musical de la productora Twins Music, con la que ha obtenido importantes reconocimientos internacionales (Cannes Lion de Oro, L\u00e1piz de Oro, Bilbao Sol de Oro, Diente CCA). Compuso m\u00fasica para teatro y cine (Yerma, La corporaci\u00f3n, Pinamar, esta \u00faltima junto a Daniel Godfrid), y ha editado varios discos propios, entre ellos: Sin cabeza, Espol\u00f3n, Clich\u00e9 y La hora del gallo.<\/p>\n<p>&nbsp;<\/p>\n<p>Esta gira es posible gracias al apoyo financiero del Programa Iberm\u00fasicas en su l\u00ednea de \u201cAyuda a la circulaci\u00f3n de profesionales de la m\u00fasica\u201d, convocatoria 2024.<\/p>\n<p>&nbsp;<\/p>\n<ul>\n<li>16 de mayo: Espacio Perro Paco Clandestino, Madrid, Espa\u00f1a<\/li>\n<li>17 de mayo: Auditori Sant Marti, Barcelona, Espa\u00f1a<\/li>\n<li>18 de mayo: Master Class en Barcelona , Espa\u00f1a<\/li>\n<li>20 de mayo: La Chaloup\u00e9, Grenoble, Francia<\/li>\n<li>23 de mayo: Lo de Laura, Munich, Alemania<\/li>\n<li>24 de mayo: Workshop y concierto en Valentino\u2019s WeinKarussell, Stuttgart,, Alemania<\/li>\n<li>25 de mayo: Kaffehauss Mila, Berl\u00edn, Alemania<\/li>\n<li>29 de mayo: Ensamble y residencia con m\u00fasicos de Espa\u00f1a, Francia y Uruguay en el Roulotte Tango Festival, Firminy, Francia<\/li>\n<li>30 de mayo: Concierto en el Roulotte Tango Festival, Firminy, Francia<\/li>\n<li>31 de mayo: Concierto en el Roulotte Tango Festival, Firminy, Francia<\/li>\n<li>02 de junio: Workshop \u201cEl sonido del tango\u201d producido por Natalia Puccioni &#8211; Tercer Ojo Producciones Art\u00edsticas, Madrid, Espa\u00f1a<\/li>\n<\/ul>\n","protected":false},"excerpt":{"rendered":"<p>El d\u00fao Seda emprender\u00e1 una gira por Europa que incluir\u00e1 presentaciones y actividades en las ciudades de Madrid, Barcelona, Grenoble, Firminy, M\u00fanich, Stuttgart y Berl\u00edn. El cronograma de actividades abarca conciertos, workshops, talleres y una residencia art\u00edstica junto a m\u00fasicos de otros pa\u00edses de Iberoam\u00e9rica, como Espa\u00f1a, Uruguay y Argentina, fomentando as\u00ed el intercambio cultural [&hellip;]<\/p>\n","protected":false},"author":7,"featured_media":22394,"comment_status":"closed","ping_status":"closed","sticky":false,"template":"","format":"standard","meta":{"footnotes":""},"categories":[53],"tags":[],"class_list":["post-22393","post","type-post","status-publish","format-standard","has-post-thumbnail","hentry","category-noticias-generales"],"lang":"es","translations":{"es":22393,"pt":22396},"pll_sync_post":[],"post_mailing_queue_ids":[],"_links":{"self":[{"href":"http:\/\/staging.ibermusicas.org\/index.php\/wp-json\/wp\/v2\/posts\/22393","targetHints":{"allow":["GET"]}}],"collection":[{"href":"http:\/\/staging.ibermusicas.org\/index.php\/wp-json\/wp\/v2\/posts"}],"about":[{"href":"http:\/\/staging.ibermusicas.org\/index.php\/wp-json\/wp\/v2\/types\/post"}],"author":[{"embeddable":true,"href":"http:\/\/staging.ibermusicas.org\/index.php\/wp-json\/wp\/v2\/users\/7"}],"replies":[{"embeddable":true,"href":"http:\/\/staging.ibermusicas.org\/index.php\/wp-json\/wp\/v2\/comments?post=22393"}],"version-history":[{"count":1,"href":"http:\/\/staging.ibermusicas.org\/index.php\/wp-json\/wp\/v2\/posts\/22393\/revisions"}],"predecessor-version":[{"id":22395,"href":"http:\/\/staging.ibermusicas.org\/index.php\/wp-json\/wp\/v2\/posts\/22393\/revisions\/22395"}],"wp:featuredmedia":[{"embeddable":true,"href":"http:\/\/staging.ibermusicas.org\/index.php\/wp-json\/wp\/v2\/media\/22394"}],"wp:attachment":[{"href":"http:\/\/staging.ibermusicas.org\/index.php\/wp-json\/wp\/v2\/media?parent=22393"}],"wp:term":[{"taxonomy":"category","embeddable":true,"href":"http:\/\/staging.ibermusicas.org\/index.php\/wp-json\/wp\/v2\/categories?post=22393"},{"taxonomy":"post_tag","embeddable":true,"href":"http:\/\/staging.ibermusicas.org\/index.php\/wp-json\/wp\/v2\/tags?post=22393"}],"curies":[{"name":"wp","href":"https:\/\/api.w.org\/{rel}","templated":true}]}}