{"id":22396,"date":"2025-05-14T14:56:33","date_gmt":"2025-05-14T14:56:33","guid":{"rendered":"http:\/\/staging.ibermusicas.org\/?p=22396"},"modified":"2025-06-03T15:59:02","modified_gmt":"2025-06-03T15:59:02","slug":"a-dupla-seda-formada-pelos-argentinos-daniel-godfrid-e-sebastian-esposito-inicia-sua-turne-europeia-2025","status":"publish","type":"post","link":"http:\/\/staging.ibermusicas.org\/index.php\/a-dupla-seda-formada-pelos-argentinos-daniel-godfrid-e-sebastian-esposito-inicia-sua-turne-europeia-2025\/","title":{"rendered":"A dupla Seda, formada pelos argentinos Daniel Godfrid e Sebasti\u00e1n Esp\u00f3sito, inicia sua turn\u00ea europeia 2025"},"content":{"rendered":"<p>O duo Seda embarcar\u00e1 em uma turn\u00ea pela Europa que incluir\u00e1 apresenta\u00e7\u00f5es e atividades nas cidades de Madri, Barcelona, Grenoble, Firminy, Munique, Stuttgart e Berlim. O cronograma de atividades inclui concertos, oficinas, workshops e uma resid\u00eancia art\u00edstica com m\u00fasicos de outros pa\u00edses da Am\u00e9rica Latina, como Espanha, Uruguai e Argentina, promovendo assim o interc\u00e2mbio cultural e o desenvolvimento de redes de colabora\u00e7\u00e3o internacional.<\/p>\n<p>&nbsp;<\/p>\n<p>O Seda, formado h\u00e1 dez anos pelo pianista Daniel Godfrid e pelo violonista Sebasti\u00e1n Esp\u00f3sito, tem um repert\u00f3rio amplo e diversificado, com foco na m\u00fasica popular argentina (cl\u00e1ssicos do tango e do folclore) e em suas pr\u00f3prias composi\u00e7\u00f5es escritas especialmente para esse grupo. Eles desenvolvem uma proposta musical potente e sutil, na qual o trabalho instrumental se destaca ao lado dos arranjos originais e das novas composi\u00e7\u00f5es.<\/p>\n<p>&nbsp;<\/p>\n<p>Daniel Godfrid \u00e9 um pianista, compositor e professor argentino, com uma carreira not\u00e1vel no tango e na m\u00fasica popular. Desde 2004, tem trabalhado em estreita colabora\u00e7\u00e3o com Lidia Borda como arranjador, produtor e int\u00e9rprete, com quem gravou cinco \u00e1lbuns (dois dos quais ganharam Pr\u00eamios Gardel) e um EP duo intitulado \u201cTrip\u201d. Foi membro da Orquesta Escuela de Tango, dirigida por Emilio Balcarce, e trabalhou com o harmonicista Franco Luciani, tanto como duo (Arm\u00f3nica y Tango, 2006) quanto no Franco Luciani Tr\u00edo (2012). Apresentou-se em palcos na Argentina e no exterior como solista e acompanhando artistas renomados do tango e do folclore. Comp\u00f4s m\u00fasica para filmes e \u00e9 um excelente professor de piano nos principais conservat\u00f3rios da cidade e da prov\u00edncia de Buenos Aires.<\/p>\n<p>&nbsp;<\/p>\n<p>Sebasti\u00e1n Esp\u00f3sito \u00e9 um violonista, compositor e produtor argentino. Colaborou com artistas de destaque, como Le\u00f3n Gieco, Abel Pintos, Lidia Borda, Gabo Ferro, Roxana Amed, Natalie P\u00e9rez, Rodolfo Garc\u00eda e Yusa, entre outros. Desde 2008, \u00e9 diretor musical da produtora Twins Music, com a qual ganhou importantes pr\u00eamios internacionais (Cannes Lion de Oro, L\u00e1piz de Oro, Bilbao Sol de Oro, Diente CCA). Ele comp\u00f4s m\u00fasica para teatro e cinema (Yerma, La corporaci\u00f3n, Pinamar, este \u00faltimo com Daniel Godfrid) e lan\u00e7ou v\u00e1rios \u00e1lbuns pr\u00f3prios, incluindo Sin cabeza, Espol\u00f3n, Clich\u00e9 e La hora del gallo.<\/p>\n<p>&nbsp;<\/p>\n<p>Essa turn\u00ea \u00e9 poss\u00edvel gra\u00e7as ao apoio financeiro do Programa Iberm\u00fasicas em sua linha de \u201cApoio \u00e0 circula\u00e7\u00e3o de profissionais da m\u00fasica\u201d, chamada 2024.<\/p>\n<p>&nbsp;<\/p>\n<ul>\n<li>16 de maio: Espacio Perro Paco Clandestino, Madri, Espanha<\/li>\n<li>17 de maio: Auditori Sant Marti, Barcelona, Espanha<\/li>\n<li>18 de maio: Master Class em Barcelona, Espanha.<\/li>\n<li>20 de maio: La Chaloup\u00e9, Grenoble, Fran\u00e7a<\/li>\n<li>23 de maio: Lo de Laura, Munique, Alemanha<\/li>\n<li>24 de maio: Workshop e show no Valentino&#8217;s WeinKarussell, Stuttgart, Alemanha<\/li>\n<li>25 de maio: Kaffehauss Mila, Berlim, Alemanha<\/li>\n<li>29 de maio: Ensemble e resid\u00eancia com m\u00fasicos da Espanha, Fran\u00e7a e Uruguai no Roulotte Tango Festival, Firminy, Fran\u00e7a<\/li>\n<li>30 de maio: Concerto no Roulotte Tango Festival, Firminy, Fran\u00e7a<\/li>\n<li>31 de maio: Concerto no Festival de Tango de Roulotte, Firminy, Fran\u00e7a<\/li>\n<li>02 de junho: Workshop \u201cEl sonido del tango\u201d produzido por Natalia Puccioni &#8211; Tercer Ojo Producciones Art\u00edsticas, Madri, Espanha<\/li>\n<\/ul>\n","protected":false},"excerpt":{"rendered":"<p>O duo Seda embarcar\u00e1 em uma turn\u00ea pela Europa que incluir\u00e1 apresenta\u00e7\u00f5es e atividades nas cidades de Madri, Barcelona, Grenoble, Firminy, Munique, Stuttgart e Berlim. O cronograma de atividades inclui concertos, oficinas, workshops e uma resid\u00eancia art\u00edstica com m\u00fasicos de outros pa\u00edses da Am\u00e9rica Latina, como Espanha, Uruguai e Argentina, promovendo assim o interc\u00e2mbio cultural [&hellip;]<\/p>\n","protected":false},"author":7,"featured_media":22394,"comment_status":"closed","ping_status":"closed","sticky":false,"template":"","format":"standard","meta":{"footnotes":""},"categories":[218],"tags":[],"class_list":["post-22396","post","type-post","status-publish","format-standard","has-post-thumbnail","hentry","category-noticias-generales-pt"],"lang":"pt","translations":{"pt":22396,"es":22393},"pll_sync_post":[],"post_mailing_queue_ids":[],"_links":{"self":[{"href":"http:\/\/staging.ibermusicas.org\/index.php\/wp-json\/wp\/v2\/posts\/22396","targetHints":{"allow":["GET"]}}],"collection":[{"href":"http:\/\/staging.ibermusicas.org\/index.php\/wp-json\/wp\/v2\/posts"}],"about":[{"href":"http:\/\/staging.ibermusicas.org\/index.php\/wp-json\/wp\/v2\/types\/post"}],"author":[{"embeddable":true,"href":"http:\/\/staging.ibermusicas.org\/index.php\/wp-json\/wp\/v2\/users\/7"}],"replies":[{"embeddable":true,"href":"http:\/\/staging.ibermusicas.org\/index.php\/wp-json\/wp\/v2\/comments?post=22396"}],"version-history":[{"count":1,"href":"http:\/\/staging.ibermusicas.org\/index.php\/wp-json\/wp\/v2\/posts\/22396\/revisions"}],"predecessor-version":[{"id":22397,"href":"http:\/\/staging.ibermusicas.org\/index.php\/wp-json\/wp\/v2\/posts\/22396\/revisions\/22397"}],"wp:featuredmedia":[{"embeddable":true,"href":"http:\/\/staging.ibermusicas.org\/index.php\/wp-json\/wp\/v2\/media\/22394"}],"wp:attachment":[{"href":"http:\/\/staging.ibermusicas.org\/index.php\/wp-json\/wp\/v2\/media?parent=22396"}],"wp:term":[{"taxonomy":"category","embeddable":true,"href":"http:\/\/staging.ibermusicas.org\/index.php\/wp-json\/wp\/v2\/categories?post=22396"},{"taxonomy":"post_tag","embeddable":true,"href":"http:\/\/staging.ibermusicas.org\/index.php\/wp-json\/wp\/v2\/tags?post=22396"}],"curies":[{"name":"wp","href":"https:\/\/api.w.org\/{rel}","templated":true}]}}