{"id":22401,"date":"2025-05-14T15:36:10","date_gmt":"2025-05-14T15:36:10","guid":{"rendered":"http:\/\/staging.ibermusicas.org\/?p=22401"},"modified":"2025-06-03T15:58:55","modified_gmt":"2025-06-03T15:58:55","slug":"inicia-se-a-primeira-etapa-do-projeto-internacional-de-intercambio-cultural-entre-orquestras-da-argentina-e-do-mexico-para-a-divulgacao-de-obras-sinfonicas","status":"publish","type":"post","link":"http:\/\/staging.ibermusicas.org\/index.php\/inicia-se-a-primeira-etapa-do-projeto-internacional-de-intercambio-cultural-entre-orquestras-da-argentina-e-do-mexico-para-a-divulgacao-de-obras-sinfonicas\/","title":{"rendered":"Inicia-se a primeira etapa do projeto internacional de interc\u00e2mbio cultural entre orquestras da Argentina e do M\u00e9xico para a divulga\u00e7\u00e3o de obras sinf\u00f4nicas"},"content":{"rendered":"<p>Trata-se de um projeto de interc\u00e2mbio cultural entre o M\u00e9xico e a Argentina para a divulga\u00e7\u00e3o do repert\u00f3rio sinf\u00f4nico orquestral, m\u00fasica tradicional e m\u00fasica contempor\u00e2nea de compositores e compositoras em atividade, oferecendo concertos, estreias de obras, confer\u00eancias e masterclasses para estudantes de m\u00fasica e p\u00fablico em geral.<\/p>\n<p>Ser\u00e1 realizado um trabalho colaborativo entre duas orquestras. Do lado do M\u00e9xico, a Orquestra Sinf\u00f4nica de Yucat\u00e1n receber\u00e1 um maestro e um compositor argentino para apresentar um concerto com um programa sinf\u00f4nico de obras de compositores argentinos e, do lado da Argentina, a Orquestra Filarm\u00f4nica de R\u00edo Negro receber\u00e1 um maestro e um compositor mexicano que far\u00e3o o mesmo com um programa de obras sinf\u00f4nicas de compositores mexicanos.<\/p>\n<p>Durante sua estadia, os dois compositores convidados estar\u00e3o preparando a estreia de sua obra com a orquestra e tamb\u00e9m dedicar\u00e3o esse tempo a dar uma master class e uma confer\u00eancia sobre os repert\u00f3rios que ir\u00e3o apresentar, falando sobre a est\u00e9tica de sua composi\u00e7\u00e3o e dando aulas para jovens interessados. Da mesma forma, os maestros dar\u00e3o aulas de reg\u00eancia orquestral para os maestros mais jovens, sobre repert\u00f3rio de m\u00fasica argentina e mexicana.<\/p>\n<p>A proposta visa que, a partir desse interc\u00e2mbio, sejam criados la\u00e7os entre esses dois pa\u00edses irm\u00e3os, para promover que, no futuro, sejam realizados mais interc\u00e2mbios e concertos desse tipo e, assim, os compositores, m\u00fasicos e maestros de ambos os pa\u00edses se tornem conhecidos e levem sua m\u00fasica a mais ouvidos, enriquecendo tamb\u00e9m o p\u00fablico de ambos os pa\u00edses com a experi\u00eancia.<\/p>\n<p>Nesta primeira etapa, a Orquestra Sinf\u00f4nica de Rio Negro, Argentina, dirigida por Jos\u00e9 Arean, receber\u00e1 o compositor mexicano Enrico Chapela Barba.<\/p>\n<p>A segunda etapa ter\u00e1 lugar no m\u00eas de maio, quando a Orquestra Sinf\u00f4nica de Yucat\u00e1n, dirigida por Mart\u00edn Fraile Milstein, da Argentina, receber\u00e1 o compositor argentino Mauricio Charbonnier.<\/p>\n<p>Este projeto \u00e9 realizado com o apoio do Programa Iberm\u00fasicas, por meio de sua linha de Apoio \u00e0 circula\u00e7\u00e3o de profissionais da m\u00fasica, convocat\u00f3ria 2024.<\/p>\n<ul>\n<li>De 19 a 24 de maio no Centro Municipal de Cultura Viedma, Gallardo 550, Viedma, Prov\u00edncia de Rio Negro, Argentina<\/li>\n<li>Concertos nos dias 23 e 24 de maio no Centro Municipal de Cultura Viedma, Gallardo 550, Viedma, Prov\u00edncia de Rio Negro, Argentina<\/li>\n<\/ul>\n","protected":false},"excerpt":{"rendered":"<p>Trata-se de um projeto de interc\u00e2mbio cultural entre o M\u00e9xico e a Argentina para a divulga\u00e7\u00e3o do repert\u00f3rio sinf\u00f4nico orquestral, m\u00fasica tradicional e m\u00fasica contempor\u00e2nea de compositores e compositoras em atividade, oferecendo concertos, estreias de obras, confer\u00eancias e masterclasses para estudantes de m\u00fasica e p\u00fablico em geral. Ser\u00e1 realizado um trabalho colaborativo entre duas orquestras. [&hellip;]<\/p>\n","protected":false},"author":7,"featured_media":22399,"comment_status":"closed","ping_status":"closed","sticky":false,"template":"","format":"standard","meta":{"footnotes":""},"categories":[218],"tags":[],"class_list":["post-22401","post","type-post","status-publish","format-standard","has-post-thumbnail","hentry","category-noticias-generales-pt"],"lang":"pt","translations":{"pt":22401,"es":22398},"pll_sync_post":[],"post_mailing_queue_ids":[],"_links":{"self":[{"href":"http:\/\/staging.ibermusicas.org\/index.php\/wp-json\/wp\/v2\/posts\/22401","targetHints":{"allow":["GET"]}}],"collection":[{"href":"http:\/\/staging.ibermusicas.org\/index.php\/wp-json\/wp\/v2\/posts"}],"about":[{"href":"http:\/\/staging.ibermusicas.org\/index.php\/wp-json\/wp\/v2\/types\/post"}],"author":[{"embeddable":true,"href":"http:\/\/staging.ibermusicas.org\/index.php\/wp-json\/wp\/v2\/users\/7"}],"replies":[{"embeddable":true,"href":"http:\/\/staging.ibermusicas.org\/index.php\/wp-json\/wp\/v2\/comments?post=22401"}],"version-history":[{"count":1,"href":"http:\/\/staging.ibermusicas.org\/index.php\/wp-json\/wp\/v2\/posts\/22401\/revisions"}],"predecessor-version":[{"id":22402,"href":"http:\/\/staging.ibermusicas.org\/index.php\/wp-json\/wp\/v2\/posts\/22401\/revisions\/22402"}],"wp:featuredmedia":[{"embeddable":true,"href":"http:\/\/staging.ibermusicas.org\/index.php\/wp-json\/wp\/v2\/media\/22399"}],"wp:attachment":[{"href":"http:\/\/staging.ibermusicas.org\/index.php\/wp-json\/wp\/v2\/media?parent=22401"}],"wp:term":[{"taxonomy":"category","embeddable":true,"href":"http:\/\/staging.ibermusicas.org\/index.php\/wp-json\/wp\/v2\/categories?post=22401"},{"taxonomy":"post_tag","embeddable":true,"href":"http:\/\/staging.ibermusicas.org\/index.php\/wp-json\/wp\/v2\/tags?post=22401"}],"curies":[{"name":"wp","href":"https:\/\/api.w.org\/{rel}","templated":true}]}}