{"id":22403,"date":"2025-05-14T15:40:51","date_gmt":"2025-05-14T15:40:51","guid":{"rendered":"http:\/\/staging.ibermusicas.org\/?p=22403"},"modified":"2025-06-03T15:55:45","modified_gmt":"2025-06-03T15:55:45","slug":"brenda-cervantes-de-mexico-inicia-su-proyecto-la-integracion-cultural-de-las-infancias-a-traves-de-la-musica-infantil-en-estados-unidos","status":"publish","type":"post","link":"http:\/\/staging.ibermusicas.org\/index.php\/brenda-cervantes-de-mexico-inicia-su-proyecto-la-integracion-cultural-de-las-infancias-a-traves-de-la-musica-infantil-en-estados-unidos\/","title":{"rendered":"Brenda Cervantes, de M\u00e9xico, inicia su proyecto \u201cLa Integracio\u0301n Cultural de las Infancias a trave\u0301s de la Mu\u0301sica Infantil\u201d en Estados Unidos"},"content":{"rendered":"<p>\u201cLa Integracio\u0301n Cultural de las Infancias a trave\u0301s de la Mu\u0301sica Infantil\u201d, proyecto presentado para la Biblioteca Pu\u0301blica de San Antonio Texas, Estados Unidos, consiste en la realizaci\u00f3n de un taller de lectura de cuentos en espan\u0303ol, canto e iniciacio\u0301n musical; composicio\u0301n y grabacio\u0301n de 6 canciones infantiles de la autori\u0301a de Brenda Cervantes, directora del proyecto y las ni\u00f1as y los nin\u0303os, inscritos en los talleres.<\/p>\n<p>&nbsp;<\/p>\n<p>Las canciones tendr\u00e1n letras basadas en las historias lei\u0301das, cuya traduccio\u0301n al ingle\u0301s se realizara\u0301 con las infancias participantes y finalmente la presentacio\u0301n en pu\u0301blico en un concierto de un grupo coral infantil con interpretacio\u0301n de las canciones en espan\u0303ol e ingle\u0301s y la grabacio\u0301n correspondiente.<\/p>\n<p>&nbsp;<\/p>\n<p>Los talleres se impartir\u00e1n en la Biblioteca Baz\u00e1n y Memorial, pertenecientes a la Biblioteca P\u00fablica de San Antonio. Brenda Cervantes contar\u00e1 los cuentos y montar\u00e1 las canciones. Con base en juegos musicales, trabajar\u00e1 el montaje vocal y esc\u00e9nico para grabar y presentar en un peque\u00f1o concierto.<\/p>\n<p>&nbsp;<\/p>\n<p>Brenda Cervantes nacio\u0301 en la Ciudad de Me\u0301xico. Es compositora y productora de mu\u0301sica de calidad para la infancia, reconocida internacionalmente en la escena cultural infantil. Inicio\u0301 sus estudios musicales en el Conservatorio Internacional de Mu\u0301sica de Pari\u0301s , Francia. Curso\u0301 la carrera de Guitarra Cla\u0301sica en la Escuela Nacional de Mu\u0301sica de la UNAM, Tomo\u0301 un Curso de mu\u0301sica Precla\u0301sica con el Prof. Leo Brouwer, asi\u0301 como cursos especiales de Te\u0301cnicas de Interpretacio\u0301n en la Guitarra Cla\u0301sica con el Prof. Juan Carlos Laguna. Tiene en su haber cinco producciones discogra\u0301ficas. Actualmente, junto a su grupo, realiza especta\u0301culos dedicados a la nin\u0303ez con composiciones musicales propias, abordando como ge\u0301nero el Jazz Latino.<\/p>\n<p>&nbsp;<\/p>\n<p>Con el presente proyecto, Brenda Cervantes ha sido ganadora de la convocatoria 2024 del Programa Iberm\u00fasicas en la l\u00ednea de \u201cAyuda a artistas e investigadores para residencias\u201d.<\/p>\n<p>&nbsp;<\/p>\n<ul>\n<li>Del 19 de mayo al 19 de agosto en la Biblioteca Pu\u0301blica de San Antonio Texas, Estados Unidos<\/li>\n<\/ul>\n","protected":false},"excerpt":{"rendered":"<p>\u201cLa Integracio\u0301n Cultural de las Infancias a trave\u0301s de la Mu\u0301sica Infantil\u201d, proyecto presentado para la Biblioteca Pu\u0301blica de San Antonio Texas, Estados Unidos, consiste en la realizaci\u00f3n de un taller de lectura de cuentos en espan\u0303ol, canto e iniciacio\u0301n musical; composicio\u0301n y grabacio\u0301n de 6 canciones infantiles de la autori\u0301a de Brenda Cervantes, directora [&hellip;]<\/p>\n","protected":false},"author":7,"featured_media":22404,"comment_status":"closed","ping_status":"closed","sticky":false,"template":"","format":"standard","meta":{"footnotes":""},"categories":[53],"tags":[],"class_list":["post-22403","post","type-post","status-publish","format-standard","has-post-thumbnail","hentry","category-noticias-generales"],"lang":"es","translations":{"es":22403,"pt":22406},"pll_sync_post":[],"post_mailing_queue_ids":[],"_links":{"self":[{"href":"http:\/\/staging.ibermusicas.org\/index.php\/wp-json\/wp\/v2\/posts\/22403","targetHints":{"allow":["GET"]}}],"collection":[{"href":"http:\/\/staging.ibermusicas.org\/index.php\/wp-json\/wp\/v2\/posts"}],"about":[{"href":"http:\/\/staging.ibermusicas.org\/index.php\/wp-json\/wp\/v2\/types\/post"}],"author":[{"embeddable":true,"href":"http:\/\/staging.ibermusicas.org\/index.php\/wp-json\/wp\/v2\/users\/7"}],"replies":[{"embeddable":true,"href":"http:\/\/staging.ibermusicas.org\/index.php\/wp-json\/wp\/v2\/comments?post=22403"}],"version-history":[{"count":1,"href":"http:\/\/staging.ibermusicas.org\/index.php\/wp-json\/wp\/v2\/posts\/22403\/revisions"}],"predecessor-version":[{"id":22405,"href":"http:\/\/staging.ibermusicas.org\/index.php\/wp-json\/wp\/v2\/posts\/22403\/revisions\/22405"}],"wp:featuredmedia":[{"embeddable":true,"href":"http:\/\/staging.ibermusicas.org\/index.php\/wp-json\/wp\/v2\/media\/22404"}],"wp:attachment":[{"href":"http:\/\/staging.ibermusicas.org\/index.php\/wp-json\/wp\/v2\/media?parent=22403"}],"wp:term":[{"taxonomy":"category","embeddable":true,"href":"http:\/\/staging.ibermusicas.org\/index.php\/wp-json\/wp\/v2\/categories?post=22403"},{"taxonomy":"post_tag","embeddable":true,"href":"http:\/\/staging.ibermusicas.org\/index.php\/wp-json\/wp\/v2\/tags?post=22403"}],"curies":[{"name":"wp","href":"https:\/\/api.w.org\/{rel}","templated":true}]}}