{"id":22408,"date":"2025-05-14T15:46:39","date_gmt":"2025-05-14T15:46:39","guid":{"rendered":"http:\/\/staging.ibermusicas.org\/?p=22408"},"modified":"2025-06-03T15:55:36","modified_gmt":"2025-06-03T15:55:36","slug":"el-duo-de-guitarras-del-paraguay-che-valle-realizara-una-gira-por-colombia-con-conciertos-y-talleres","status":"publish","type":"post","link":"http:\/\/staging.ibermusicas.org\/index.php\/el-duo-de-guitarras-del-paraguay-che-valle-realizara-una-gira-por-colombia-con-conciertos-y-talleres\/","title":{"rendered":"El d\u00fao de guitarras del Paraguay \u201cChe Valle\u201d realizar\u00e1 una gira por Colombia con conciertos y talleres"},"content":{"rendered":"<p>Che Valle es un d\u00fao de guitarras compuesto por Mart\u00edn Ortega y Orlando Mart\u00ednez, originario de la regi\u00f3n de la triple frontera entre Brasil, Paraguay y Argentina. Estos artistas dedican sus talentos a explorar y enriquecer la m\u00fasica regional de su regi\u00f3n, tom\u00e1ndola como punto de partida para crear una experiencia musical universal.<\/p>\n<p>&nbsp;<\/p>\n<p>El a\u00f1o 2019, recibieron por primera vez el apoyo de Iberm\u00fasicas y realizaron una gran gira por Argentina, Portugal, Espa\u00f1a, Francia e Inglaterra. Durante esta gira, grabaron un EP en la ciudad de Real de Gand\u00eda, Valencia, Espa\u00f1a.<\/p>\n<p>&nbsp;<\/p>\n<p>En 2021 crearon nuevas composiciones en formato audiovisual y se presentaron en el prestigioso festival Jazz Sudacas en Asunci\u00f3n. Tambi\u00e9n llevaron su m\u00fasica a la regi\u00f3n de la triple frontera, con actuaciones en Ciudad del Este (Paraguay), Foz do Igua\u00e7u (Brasil) y Puerto Iguaz\u00fa (Argentina).<\/p>\n<p>&nbsp;<\/p>\n<p>En 2022, participaron en el Festival de Cuerdas en Hohenau, Paraguay, un evento de renombre en la escena de la guitarra en la regi\u00f3n. En 2023, el d\u00fao fue nuevamente parte del Festival de Cuerdas en Hohenau, esta vez colaborando en el proyecto Panchi Duarte &amp; Che Valle. Adem\u00e1s, durante ese a\u00f1o, recibieron un prestigioso premio de composici\u00f3n en el Festival de la Ciudad Can\u00e7\u00e3o (FEMUCIC) organizado por el SESC Paran\u00e1 en Maring\u00e1, con dos composiciones de Orlando Mart\u00ednez con arreglos del d\u00fao. En ese mismo a\u00f1o, Che Valle recibi\u00f3 una nueva premiaci\u00f3n de Iberm\u00fasicas para una gira musical por Brasil y Argentina, en colaboraci\u00f3n con el proyecto Panchi Duarte &amp; Che Valle.<\/p>\n<p>&nbsp;<\/p>\n<p>En 2024, el d\u00fao fue seleccionado para el Circuito SESC en el Estado do Paran\u00e1 para participar en varios ciclos de conciertos. En febrero el d\u00fao lanz\u00f3 su nuevo material fonogr\u00e1fico llamado \u00abChe Valle Cada Vez Mejor\u00bb con 11 m\u00fasicas entre versiones del folclore popular y composiciones propias. Tambi\u00e9n ese a\u00f1o participaron nuevamente del festival de cuerdas de Hohenau. Este 2025 ser\u00e1n parte de la quincuag\u00e9simo primera edici\u00f3n del Festival Mono N\u00fa\u00f1ez, uno de los festivales m\u00e1s importantes de Colombia y de toda la regi\u00f3n andina.<\/p>\n<p>&nbsp;<\/p>\n<p>Por tercera vez, la agrupaci\u00f3n ha recibido el apoyo de Iberm\u00fasicas mediante su l\u00ednea de \u201cAyuda a la circulaci\u00f3n de profesionales de la m\u00fasica\u201d, convocatoria 2024, en esta ocasi\u00f3n para ayudas a la realizaci\u00f3n de esta gira colombiana.<\/p>\n<p>&nbsp;<\/p>\n<ul>\n<li>Jueves 22 de mayo: Taller sobre m\u00fasica paraguaya en la Universidad Sergio Arboleda, Bogot\u00e1, Colombia.<\/li>\n<li>Jueves 22 de mayo: Concierto en el auditorio de la Universidad Sergio Arboleda, Bogot\u00e1, Colombia.<\/li>\n<li>Jueves 29 de mayo: Taller sobre m\u00fasica paraguaya en la Universidad del Valle del Cauca, Colombia.<\/li>\n<li>Jueves 29 de mayo: Concierto en el auditorio de la Universidad del Valle del Cauca, Colombia.<\/li>\n<li>Viernes 30 de mayo: Concierto en El Solar de Mercedes, Buga, Colombia.<\/li>\n<li>Domingo 01 de junio: Festival Mono N\u00fa\u00f1ez, Valle del Cauca, Colombia.<\/li>\n<\/ul>\n","protected":false},"excerpt":{"rendered":"<p>Che Valle es un d\u00fao de guitarras compuesto por Mart\u00edn Ortega y Orlando Mart\u00ednez, originario de la regi\u00f3n de la triple frontera entre Brasil, Paraguay y Argentina. Estos artistas dedican sus talentos a explorar y enriquecer la m\u00fasica regional de su regi\u00f3n, tom\u00e1ndola como punto de partida para crear una experiencia musical universal. &nbsp; El [&hellip;]<\/p>\n","protected":false},"author":7,"featured_media":22409,"comment_status":"closed","ping_status":"closed","sticky":false,"template":"","format":"standard","meta":{"footnotes":""},"categories":[53],"tags":[],"class_list":["post-22408","post","type-post","status-publish","format-standard","has-post-thumbnail","hentry","category-noticias-generales"],"lang":"es","translations":{"es":22408,"pt":22411},"pll_sync_post":[],"post_mailing_queue_ids":[],"_links":{"self":[{"href":"http:\/\/staging.ibermusicas.org\/index.php\/wp-json\/wp\/v2\/posts\/22408","targetHints":{"allow":["GET"]}}],"collection":[{"href":"http:\/\/staging.ibermusicas.org\/index.php\/wp-json\/wp\/v2\/posts"}],"about":[{"href":"http:\/\/staging.ibermusicas.org\/index.php\/wp-json\/wp\/v2\/types\/post"}],"author":[{"embeddable":true,"href":"http:\/\/staging.ibermusicas.org\/index.php\/wp-json\/wp\/v2\/users\/7"}],"replies":[{"embeddable":true,"href":"http:\/\/staging.ibermusicas.org\/index.php\/wp-json\/wp\/v2\/comments?post=22408"}],"version-history":[{"count":1,"href":"http:\/\/staging.ibermusicas.org\/index.php\/wp-json\/wp\/v2\/posts\/22408\/revisions"}],"predecessor-version":[{"id":22410,"href":"http:\/\/staging.ibermusicas.org\/index.php\/wp-json\/wp\/v2\/posts\/22408\/revisions\/22410"}],"wp:featuredmedia":[{"embeddable":true,"href":"http:\/\/staging.ibermusicas.org\/index.php\/wp-json\/wp\/v2\/media\/22409"}],"wp:attachment":[{"href":"http:\/\/staging.ibermusicas.org\/index.php\/wp-json\/wp\/v2\/media?parent=22408"}],"wp:term":[{"taxonomy":"category","embeddable":true,"href":"http:\/\/staging.ibermusicas.org\/index.php\/wp-json\/wp\/v2\/categories?post=22408"},{"taxonomy":"post_tag","embeddable":true,"href":"http:\/\/staging.ibermusicas.org\/index.php\/wp-json\/wp\/v2\/tags?post=22408"}],"curies":[{"name":"wp","href":"https:\/\/api.w.org\/{rel}","templated":true}]}}