{"id":22411,"date":"2025-05-14T15:48:27","date_gmt":"2025-05-14T15:48:27","guid":{"rendered":"http:\/\/staging.ibermusicas.org\/?p=22411"},"modified":"2025-06-03T15:58:40","modified_gmt":"2025-06-03T15:58:40","slug":"o-duo-de-violoes-paraguaio-che-valle-fara-uma-turne-pela-colombia-com-shows-e-workshops","status":"publish","type":"post","link":"http:\/\/staging.ibermusicas.org\/index.php\/o-duo-de-violoes-paraguaio-che-valle-fara-uma-turne-pela-colombia-com-shows-e-workshops\/","title":{"rendered":"O duo de viol\u00f5es paraguaio \u201cChe Valle\u201d far\u00e1 uma turn\u00ea pela Col\u00f4mbia com shows e workshops"},"content":{"rendered":"<p>Che Valle \u00e9 um duo de viol\u00f5es composto por Mart\u00edn Ortega e Orlando Mart\u00ednez, origin\u00e1rios da regi\u00e3o da tr\u00edplice fronteira entre Brasil, Paraguai e Argentina. Esses artistas dedicam seus talentos a explorar e enriquecer a m\u00fasica regional de sua regi\u00e3o, tomando-a como ponto de partida para criar uma experi\u00eancia musical universal.<\/p>\n<p>&nbsp;<\/p>\n<p>Em 2019, eles receberam apoio do Programa Iberm\u00fasicas pela primeira vez e fizeram uma turn\u00ea pela Argentina, Portugal, Espanha, Fran\u00e7a e Inglaterra. Durante essa turn\u00ea, gravaram um EP na cidade de Real de Gand\u00eda, Val\u00eancia, Espanha.<\/p>\n<p>&nbsp;<\/p>\n<p>Em 2021, criaram novas composi\u00e7\u00f5es em formato audiovisual e se apresentaram no prestigiado festival Jazz Sudacas, em Assun\u00e7\u00e3o. Tamb\u00e9m levaram sua m\u00fasica para a regi\u00e3o da tr\u00edplice fronteira, com apresenta\u00e7\u00f5es em Ciudad del Este (Paraguai), Foz do Igua\u00e7u (Brasil) e Puerto Iguaz\u00fa (Argentina).<\/p>\n<p>&nbsp;<\/p>\n<p>Em 2022, participaram do Festival de Cuerdas em Hohenau, Paraguai, evento de renome na cena violon\u00edstica da regi\u00e3o. Em 2023, a dupla voltou a participar do Festival de Cordas de Hohenau, dessa vez colaborando no projeto Panchi Duarte &amp; Che Valle. Tamb\u00e9m nesse ano, receberam um prestigiado pr\u00eamio de composi\u00e7\u00e3o no Festival da Cidade Can\u00e7\u00e3o (FEMUCIC) organizado pelo SESC Paran\u00e1 em Maring\u00e1, com duas composi\u00e7\u00f5es de Orlando Mart\u00ednez arranjadas pelo duo. No mesmo ano, Che Valle recebeu um novo pr\u00eamio Iberm\u00fasicas para uma turn\u00ea musical no Brasil e na Argentina, em colabora\u00e7\u00e3o com o projeto Panchi Duarte &amp; Che Valle.<\/p>\n<p>&nbsp;<\/p>\n<p>Em 2024, a dupla foi selecionada para o Circuito SESC no Estado do Paran\u00e1 para participar de v\u00e1rias s\u00e9ries de shows. Em fevereiro, a dupla lan\u00e7ou seu novo material fonogr\u00e1fico intitulado \u201cChe Valle Cada Vez Mejor\u201d, com 11 m\u00fasicas, incluindo vers\u00f5es do folclore popular e composi\u00e7\u00f5es pr\u00f3prias. Tamb\u00e9m nesse ano, participaram novamente do festival de cordas em Hohenau. Em 2025, eles far\u00e3o parte da quinquag\u00e9sima primeira edi\u00e7\u00e3o do Festival Mono N\u00fa\u00f1ez, um dos festivais mais importantes da Col\u00f4mbia e de toda a regi\u00e3o andina.<\/p>\n<p>&nbsp;<\/p>\n<p>Pela terceira vez, o grupo recebeu apoio do Iberm\u00fasicas por meio de sua linha de \u201cApoio para a circula\u00e7\u00e3o de profissionais da m\u00fasica\u201d, chamada 2024, nesta ocasi\u00e3o para ajudar na realiza\u00e7\u00e3o dessa turn\u00ea colombiana.<\/p>\n<p>&nbsp;<\/p>\n<ul>\n<li>Quinta-feira, 22 de maio: Workshop sobre m\u00fasica paraguaia na Universidade Sergio Arboleda, Bogot\u00e1, Col\u00f4mbia.<\/li>\n<li>Quinta-feira, 22 de maio: Concerto no audit\u00f3rio da Universidade Sergio Arboleda, Bogot\u00e1, Col\u00f4mbia.<\/li>\n<li>Quinta-feira, 29 de maio: Workshop sobre m\u00fasica paraguaia na Universidade do Vale do Cauca, Col\u00f4mbia.<\/li>\n<li>Quinta-feira, 29 de maio: Concerto no audit\u00f3rio da Universidade do Vale do Cauca, Col\u00f4mbia.<\/li>\n<li>Sexta-feira, 30 de maio: Concerto no El Solar de Mercedes, Buga, Col\u00f4mbia.<\/li>\n<li>Domingo, 1 de junho: Festival Mono N\u00fa\u00f1ez, Vale do Cauca, Col\u00f4mbia.<\/li>\n<\/ul>\n","protected":false},"excerpt":{"rendered":"<p>Che Valle \u00e9 um duo de viol\u00f5es composto por Mart\u00edn Ortega e Orlando Mart\u00ednez, origin\u00e1rios da regi\u00e3o da tr\u00edplice fronteira entre Brasil, Paraguai e Argentina. Esses artistas dedicam seus talentos a explorar e enriquecer a m\u00fasica regional de sua regi\u00e3o, tomando-a como ponto de partida para criar uma experi\u00eancia musical universal. &nbsp; Em 2019, eles [&hellip;]<\/p>\n","protected":false},"author":7,"featured_media":22409,"comment_status":"closed","ping_status":"closed","sticky":false,"template":"","format":"standard","meta":{"footnotes":""},"categories":[218],"tags":[],"class_list":["post-22411","post","type-post","status-publish","format-standard","has-post-thumbnail","hentry","category-noticias-generales-pt"],"lang":"pt","translations":{"pt":22411,"es":22408},"pll_sync_post":[],"post_mailing_queue_ids":[],"_links":{"self":[{"href":"http:\/\/staging.ibermusicas.org\/index.php\/wp-json\/wp\/v2\/posts\/22411","targetHints":{"allow":["GET"]}}],"collection":[{"href":"http:\/\/staging.ibermusicas.org\/index.php\/wp-json\/wp\/v2\/posts"}],"about":[{"href":"http:\/\/staging.ibermusicas.org\/index.php\/wp-json\/wp\/v2\/types\/post"}],"author":[{"embeddable":true,"href":"http:\/\/staging.ibermusicas.org\/index.php\/wp-json\/wp\/v2\/users\/7"}],"replies":[{"embeddable":true,"href":"http:\/\/staging.ibermusicas.org\/index.php\/wp-json\/wp\/v2\/comments?post=22411"}],"version-history":[{"count":1,"href":"http:\/\/staging.ibermusicas.org\/index.php\/wp-json\/wp\/v2\/posts\/22411\/revisions"}],"predecessor-version":[{"id":22412,"href":"http:\/\/staging.ibermusicas.org\/index.php\/wp-json\/wp\/v2\/posts\/22411\/revisions\/22412"}],"wp:featuredmedia":[{"embeddable":true,"href":"http:\/\/staging.ibermusicas.org\/index.php\/wp-json\/wp\/v2\/media\/22409"}],"wp:attachment":[{"href":"http:\/\/staging.ibermusicas.org\/index.php\/wp-json\/wp\/v2\/media?parent=22411"}],"wp:term":[{"taxonomy":"category","embeddable":true,"href":"http:\/\/staging.ibermusicas.org\/index.php\/wp-json\/wp\/v2\/categories?post=22411"},{"taxonomy":"post_tag","embeddable":true,"href":"http:\/\/staging.ibermusicas.org\/index.php\/wp-json\/wp\/v2\/tags?post=22411"}],"curies":[{"name":"wp","href":"https:\/\/api.w.org\/{rel}","templated":true}]}}