{"id":22413,"date":"2025-05-14T15:51:27","date_gmt":"2025-05-14T15:51:27","guid":{"rendered":"http:\/\/staging.ibermusicas.org\/?p=22413"},"modified":"2025-06-03T15:55:25","modified_gmt":"2025-06-03T15:55:25","slug":"se-lleva-a-cabo-en-portugal-el-laboratorio-de-musica-gitana","status":"publish","type":"post","link":"http:\/\/staging.ibermusicas.org\/index.php\/se-lleva-a-cabo-en-portugal-el-laboratorio-de-musica-gitana\/","title":{"rendered":"Se lleva a cabo en Portugal el Laboratorio de M\u00fasica Gitana"},"content":{"rendered":"<p>El proyecto busca investigar los h\u00e1bitos y necesidades de la comunidad gitana en relaci\u00f3n con el empleo y la producci\u00f3n musical. Ser\u00e1 desarrollado por los investigadores Anderson Carmo de Carvalho, Celso Garcia de Ara\u00fajo Ramalho y L\u00edvia Maria Abdalla Gon\u00e7alves.<\/p>\n<p>&nbsp;<\/p>\n<p>El Laboratorio de M\u00fasica Gitana es un proyecto de investigaci\u00f3n y acci\u00f3n social que se llevar\u00e1 a cabo en Braga, Portugal, en 2025. La iniciativa est\u00e1 promovida por la Ag\u00eancia do Bem \u2013 Portugal, con financiaci\u00f3n del programa Iberm\u00fasicas a trav\u00e9s de la \u00abAyuda a instituciones para residencias\u00bb, y contar\u00e1 con la participaci\u00f3n de investigadores y m\u00fasicos de Brasil y Portugal.<\/p>\n<p>&nbsp;<\/p>\n<p>El proyecto tiene como objetivo promover la inclusi\u00f3n social, valorizar la cultura gitana y crear oportunidades de formaci\u00f3n y generaci\u00f3n de ingresos a trav\u00e9s de la m\u00fasica. Las actividades culminar\u00e1n con un concierto final y la publicaci\u00f3n de los resultados de la investigaci\u00f3n.<\/p>\n<p>&nbsp;<\/p>\n<ul>\n<li>23 de mayo: Concierto final y presentaci\u00f3n del informe de investigaci\u00f3n &#8211; Museo del Traje de Braga Dr. Gon\u00e7alo Sampaio \u00b7 Direcci\u00f3n: Rua do Raio, n\u00ba 2, Braga, Portugal<\/li>\n<\/ul>\n","protected":false},"excerpt":{"rendered":"<p>El proyecto busca investigar los h\u00e1bitos y necesidades de la comunidad gitana en relaci\u00f3n con el empleo y la producci\u00f3n musical. Ser\u00e1 desarrollado por los investigadores Anderson Carmo de Carvalho, Celso Garcia de Ara\u00fajo Ramalho y L\u00edvia Maria Abdalla Gon\u00e7alves. &nbsp; El Laboratorio de M\u00fasica Gitana es un proyecto de investigaci\u00f3n y acci\u00f3n social que [&hellip;]<\/p>\n","protected":false},"author":7,"featured_media":22414,"comment_status":"closed","ping_status":"closed","sticky":false,"template":"","format":"standard","meta":{"footnotes":""},"categories":[53],"tags":[],"class_list":["post-22413","post","type-post","status-publish","format-standard","has-post-thumbnail","hentry","category-noticias-generales"],"lang":"es","translations":{"es":22413,"pt":22416},"pll_sync_post":[],"post_mailing_queue_ids":[],"_links":{"self":[{"href":"http:\/\/staging.ibermusicas.org\/index.php\/wp-json\/wp\/v2\/posts\/22413","targetHints":{"allow":["GET"]}}],"collection":[{"href":"http:\/\/staging.ibermusicas.org\/index.php\/wp-json\/wp\/v2\/posts"}],"about":[{"href":"http:\/\/staging.ibermusicas.org\/index.php\/wp-json\/wp\/v2\/types\/post"}],"author":[{"embeddable":true,"href":"http:\/\/staging.ibermusicas.org\/index.php\/wp-json\/wp\/v2\/users\/7"}],"replies":[{"embeddable":true,"href":"http:\/\/staging.ibermusicas.org\/index.php\/wp-json\/wp\/v2\/comments?post=22413"}],"version-history":[{"count":1,"href":"http:\/\/staging.ibermusicas.org\/index.php\/wp-json\/wp\/v2\/posts\/22413\/revisions"}],"predecessor-version":[{"id":22415,"href":"http:\/\/staging.ibermusicas.org\/index.php\/wp-json\/wp\/v2\/posts\/22413\/revisions\/22415"}],"wp:featuredmedia":[{"embeddable":true,"href":"http:\/\/staging.ibermusicas.org\/index.php\/wp-json\/wp\/v2\/media\/22414"}],"wp:attachment":[{"href":"http:\/\/staging.ibermusicas.org\/index.php\/wp-json\/wp\/v2\/media?parent=22413"}],"wp:term":[{"taxonomy":"category","embeddable":true,"href":"http:\/\/staging.ibermusicas.org\/index.php\/wp-json\/wp\/v2\/categories?post=22413"},{"taxonomy":"post_tag","embeddable":true,"href":"http:\/\/staging.ibermusicas.org\/index.php\/wp-json\/wp\/v2\/tags?post=22413"}],"curies":[{"name":"wp","href":"https:\/\/api.w.org\/{rel}","templated":true}]}}