{"id":22416,"date":"2025-05-14T15:53:23","date_gmt":"2025-05-14T15:53:23","guid":{"rendered":"http:\/\/staging.ibermusicas.org\/?p=22416"},"modified":"2025-06-03T15:52:21","modified_gmt":"2025-06-03T15:52:21","slug":"e-realizado-em-portugal-o-laboratorio-da-musica-cigana","status":"publish","type":"post","link":"http:\/\/staging.ibermusicas.org\/index.php\/e-realizado-em-portugal-o-laboratorio-da-musica-cigana\/","title":{"rendered":"\u00c9 realizado em Portugal o Laborat\u00f3rio da M\u00fasica Cigana"},"content":{"rendered":"<p>O projeto procura investigar os h\u00e1bitos e necessidades da comunidade cigana em rela\u00e7\u00e3o ao emprego e \u00e0 produ\u00e7\u00e3o musical. Ser\u00e1 desenvolvido pelos pesquisadores Anderson Carmo de Carvalho, Celso Garcia de Ara\u00fajo Ramalho e L\u00edvia Maria Abdalla Gon\u00e7alves.<\/p>\n<p>&nbsp;<\/p>\n<p>O Laborat\u00f3rio da M\u00fasica Cigana \u00e9 um projecto de investiga\u00e7\u00e3o e ac\u00e7\u00e3o social que ser\u00e1 realizado em Braga, Portual, em 2025. A iniciativa \u00e9 promovida pela Ag\u00eancia do Bem \u2013 Portugal, com financiamento do programa Iberm\u00fasicas por meio do \u201cApoio a institui\u00e7\u00f5es para resid\u00eancias\u201d, e contar\u00e1 com a participa\u00e7\u00e3o de investigadores e m\u00fasicos do Brasil e de Portugal.<\/p>\n<p>&nbsp;<\/p>\n<p>O projecto visa promover a inclus\u00e3o social, valorizar a cultura cigana e criar oportunidades de forma\u00e7\u00e3o e gera\u00e7\u00e3o de rendimento atrav\u00e9s da m\u00fasica. As actividades culminar\u00e3o num concerto final e na publica\u00e7\u00e3o dos resultados da investiga\u00e7\u00e3o.<\/p>\n<p>&nbsp;<\/p>\n<ul>\n<li>23 de maio: Concerto Final e Apresenta\u00e7\u00e3o do Relat\u00f3rio da Investiga\u00e7\u00e3o &#8211; Museu do Traje de Braga Dr. Gon\u00e7alo Sampaio \u00b7 Morada: Rua do Raio, n\u00ba2, Braga, Portugal<\/li>\n<\/ul>\n","protected":false},"excerpt":{"rendered":"<p>O projeto procura investigar os h\u00e1bitos e necessidades da comunidade cigana em rela\u00e7\u00e3o ao emprego e \u00e0 produ\u00e7\u00e3o musical. Ser\u00e1 desenvolvido pelos pesquisadores Anderson Carmo de Carvalho, Celso Garcia de Ara\u00fajo Ramalho e L\u00edvia Maria Abdalla Gon\u00e7alves. &nbsp; O Laborat\u00f3rio da M\u00fasica Cigana \u00e9 um projecto de investiga\u00e7\u00e3o e ac\u00e7\u00e3o social que ser\u00e1 realizado em [&hellip;]<\/p>\n","protected":false},"author":7,"featured_media":22414,"comment_status":"closed","ping_status":"closed","sticky":false,"template":"","format":"standard","meta":{"footnotes":""},"categories":[218],"tags":[],"class_list":["post-22416","post","type-post","status-publish","format-standard","has-post-thumbnail","hentry","category-noticias-generales-pt"],"lang":"pt","translations":{"pt":22416,"es":22413},"pll_sync_post":[],"post_mailing_queue_ids":[],"_links":{"self":[{"href":"http:\/\/staging.ibermusicas.org\/index.php\/wp-json\/wp\/v2\/posts\/22416","targetHints":{"allow":["GET"]}}],"collection":[{"href":"http:\/\/staging.ibermusicas.org\/index.php\/wp-json\/wp\/v2\/posts"}],"about":[{"href":"http:\/\/staging.ibermusicas.org\/index.php\/wp-json\/wp\/v2\/types\/post"}],"author":[{"embeddable":true,"href":"http:\/\/staging.ibermusicas.org\/index.php\/wp-json\/wp\/v2\/users\/7"}],"replies":[{"embeddable":true,"href":"http:\/\/staging.ibermusicas.org\/index.php\/wp-json\/wp\/v2\/comments?post=22416"}],"version-history":[{"count":1,"href":"http:\/\/staging.ibermusicas.org\/index.php\/wp-json\/wp\/v2\/posts\/22416\/revisions"}],"predecessor-version":[{"id":22417,"href":"http:\/\/staging.ibermusicas.org\/index.php\/wp-json\/wp\/v2\/posts\/22416\/revisions\/22417"}],"wp:featuredmedia":[{"embeddable":true,"href":"http:\/\/staging.ibermusicas.org\/index.php\/wp-json\/wp\/v2\/media\/22414"}],"wp:attachment":[{"href":"http:\/\/staging.ibermusicas.org\/index.php\/wp-json\/wp\/v2\/media?parent=22416"}],"wp:term":[{"taxonomy":"category","embeddable":true,"href":"http:\/\/staging.ibermusicas.org\/index.php\/wp-json\/wp\/v2\/categories?post=22416"},{"taxonomy":"post_tag","embeddable":true,"href":"http:\/\/staging.ibermusicas.org\/index.php\/wp-json\/wp\/v2\/tags?post=22416"}],"curies":[{"name":"wp","href":"https:\/\/api.w.org\/{rel}","templated":true}]}}