{"id":22418,"date":"2025-05-14T15:57:23","date_gmt":"2025-05-14T15:57:23","guid":{"rendered":"http:\/\/staging.ibermusicas.org\/?p=22418"},"modified":"2025-05-14T15:57:23","modified_gmt":"2025-05-14T15:57:23","slug":"la-artista-chilena-maria-compas-realizara-una-intervencion-musical-multimedia-en-el-marco-de-su-residencia-creativa-y-tecnica-kinesfera-posthack-en-mexico","status":"publish","type":"post","link":"http:\/\/staging.ibermusicas.org\/index.php\/la-artista-chilena-maria-compas-realizara-una-intervencion-musical-multimedia-en-el-marco-de-su-residencia-creativa-y-tecnica-kinesfera-posthack-en-mexico\/","title":{"rendered":"La artista chilena Mar\u00eda Comp\u00e1s realizar\u00e1 una intervenci\u00f3n musical multimedia en el marco de su residencia creativa y t\u00e9cnica \u201cKinesfera Posthack\u201d en M\u00e9xico"},"content":{"rendered":"<p>Este proyecto consiste en una residencia creativa y t\u00e9cnica en torno a la exploraci\u00f3n y experimentaci\u00f3n musical esc\u00e9nica del concierto \u201cKinesfera Posthack\u201d del proyecto solista Mar\u00eda Comp\u00e1s, cuya b\u00fasqueda se asienta en el cruce entre m\u00fasica y poes\u00eda mediante un formato unipersonal de naturaleza digital donde confluye el rap con el electropop experimental y la poes\u00eda sonora.<\/p>\n<p>&nbsp;<\/p>\n<p>La residencia se llevar\u00e1 a cabo en el Centro Estatal de las Artes de Comala (Colima, M\u00e9xico) y contar\u00e1 con la asesor\u00eda de un equipo mexicano interdisciplinario conformado por el m\u00fasico y dramaturgo sonoro Manuel Estrella, la artista visual Daniela Guns y el artista del movimiento Rafael Hern\u00e1ndez Ramos.<\/p>\n<p>Los resultados de esta investigaci\u00f3n ser\u00e1n plasmados en dos conciertos a realizarse en la ciudad de Colima, M\u00e9xico m\u00e1s un concierto a realizarse en la ciudad de Temuco, Chile.<\/p>\n<p>&nbsp;<\/p>\n<p>Mar\u00eda Comp\u00e1s es escritora, compositora y m\u00fasica, oriunda de Santiago y radicada en el sur de Chile. Cuenta con un proyecto solista de rap alternativo que oscila entre el indie-rap y el rap electro-experimental. Tiene varios libros, singles y EP publicados.<\/p>\n<p>&nbsp;<\/p>\n<p>Esta residencia de Mar\u00eda Comp\u00e1s se hace posible gracias al apoyo de Iberm\u00fasicas mediante su l\u00ednea de \u201cAyuda a artistas e investigadores para residencias\u201d, convocatoria 2024.<\/p>\n<p>&nbsp;<\/p>\n<ul>\n<li>23 de mayo, 19h: Foro Pablo Silva de la Universidad de Colima, M\u00e9xico<\/li>\n<\/ul>\n","protected":false},"excerpt":{"rendered":"<p>Este proyecto consiste en una residencia creativa y t\u00e9cnica en torno a la exploraci\u00f3n y experimentaci\u00f3n musical esc\u00e9nica del concierto \u201cKinesfera Posthack\u201d del proyecto solista Mar\u00eda Comp\u00e1s, cuya b\u00fasqueda se asienta en el cruce entre m\u00fasica y poes\u00eda mediante un formato unipersonal de naturaleza digital donde confluye el rap con el electropop experimental y la [&hellip;]<\/p>\n","protected":false},"author":7,"featured_media":22419,"comment_status":"closed","ping_status":"closed","sticky":false,"template":"","format":"standard","meta":{"footnotes":""},"categories":[53],"tags":[],"class_list":["post-22418","post","type-post","status-publish","format-standard","has-post-thumbnail","hentry","category-noticias-generales"],"lang":"es","translations":{"es":22418,"pt":22421},"pll_sync_post":[],"post_mailing_queue_ids":[],"_links":{"self":[{"href":"http:\/\/staging.ibermusicas.org\/index.php\/wp-json\/wp\/v2\/posts\/22418","targetHints":{"allow":["GET"]}}],"collection":[{"href":"http:\/\/staging.ibermusicas.org\/index.php\/wp-json\/wp\/v2\/posts"}],"about":[{"href":"http:\/\/staging.ibermusicas.org\/index.php\/wp-json\/wp\/v2\/types\/post"}],"author":[{"embeddable":true,"href":"http:\/\/staging.ibermusicas.org\/index.php\/wp-json\/wp\/v2\/users\/7"}],"replies":[{"embeddable":true,"href":"http:\/\/staging.ibermusicas.org\/index.php\/wp-json\/wp\/v2\/comments?post=22418"}],"version-history":[{"count":1,"href":"http:\/\/staging.ibermusicas.org\/index.php\/wp-json\/wp\/v2\/posts\/22418\/revisions"}],"predecessor-version":[{"id":22420,"href":"http:\/\/staging.ibermusicas.org\/index.php\/wp-json\/wp\/v2\/posts\/22418\/revisions\/22420"}],"wp:featuredmedia":[{"embeddable":true,"href":"http:\/\/staging.ibermusicas.org\/index.php\/wp-json\/wp\/v2\/media\/22419"}],"wp:attachment":[{"href":"http:\/\/staging.ibermusicas.org\/index.php\/wp-json\/wp\/v2\/media?parent=22418"}],"wp:term":[{"taxonomy":"category","embeddable":true,"href":"http:\/\/staging.ibermusicas.org\/index.php\/wp-json\/wp\/v2\/categories?post=22418"},{"taxonomy":"post_tag","embeddable":true,"href":"http:\/\/staging.ibermusicas.org\/index.php\/wp-json\/wp\/v2\/tags?post=22418"}],"curies":[{"name":"wp","href":"https:\/\/api.w.org\/{rel}","templated":true}]}}