{"id":22430,"date":"2025-05-14T16:17:14","date_gmt":"2025-05-14T16:17:14","guid":{"rendered":"http:\/\/staging.ibermusicas.org\/?p=22430"},"modified":"2025-06-03T15:52:02","modified_gmt":"2025-06-03T15:52:02","slug":"con-la-presencia-del-grupo-pim-pau-se-realizara-en-la-habana-cuba-el-sexto-encuentro-internacional-de-artes-para-las-infancias-corazon-feliz","status":"publish","type":"post","link":"http:\/\/staging.ibermusicas.org\/index.php\/con-la-presencia-del-grupo-pim-pau-se-realizara-en-la-habana-cuba-el-sexto-encuentro-internacional-de-artes-para-las-infancias-corazon-feliz\/","title":{"rendered":"Con la presencia del grupo Pim Pau, se realizar\u00e1 en La Habana, Cuba, el Sexto Encuentro Internacional de Artes para las Infancias \u201cCoraz\u00f3n Feliz\u201d"},"content":{"rendered":"<p>El festival \u201cCoraz\u00f3n Feliz\u201d, incluir\u00e1 seis d\u00edas de conciertos, espect\u00e1culos teatrales de grupos aficionados y profesionales, eventos te\u00f3ricos, matin\u00e9s, flash mob, talleres, exposiciones, concursos, reciclaje de materias primas, limpieza de playas y acampadas culturales involucrando a todas las artes con un acento en la m\u00fasica hecha para ni\u00f1os y ni\u00f1as.<\/p>\n<p>&nbsp;<\/p>\n<p>Se proponen convertir este encuentro en una propuesta integradora donde se involucren todos los espacios de programaci\u00f3n habitual para la ni\u00f1ez con que cuenta La Habana.<\/p>\n<p>&nbsp;<\/p>\n<p>Esta sexta edici\u00f3n estar\u00e1 dedicada a los 95 a\u00f1os de la trovadora Teresita Fern\u00e1ndez, personalidad cimera en la creaci\u00f3n musical para las infancias en Cuba y la regi\u00f3n caribe\u00f1a y latinoamericana. Gracias al apoyo de Iberm\u00fasicas , la agrupaci\u00f3n Pim Pau viajar\u00e1 a Cuba para ser parte de la programaci\u00f3n del Festival.<\/p>\n<p>&nbsp;<\/p>\n<p>Pim Pau es un proyecto argentino-brasile\u00f1o de arte y educaci\u00f3n para las infancias integrado por C\u00e1ssio Carvalho, Eva Harvez y Lucho Milocco.<\/p>\n<p>Se ha consolidado como uno de los grupos m\u00e1s convocantes para las infancias en Latinoam\u00e9rica, con una identidad l\u00fadica que ha conquistado teatros y festivales en Argentina, Chile, Uruguay, Brasil, Colombia, Per\u00fa, Cuba, M\u00e9xico y Espa\u00f1a. Con cuatro discos editados: Recreo (2016), Coraz\u00f3n de crianza (2019), Upa (2023) y Cumplea\u00f1os (2024); cientos de miles de escuchas en Spotify, m\u00e1s de 700 millones de visualizaciones en YouTube y 1.5 millones de suscriptores, convirti\u00e9ndose en la agrupaci\u00f3n musical con m\u00e1s suscriptores de la escena independiente infantil de Argentina. Como editores independientes, en el a\u00f1o 2021 publicaron su primer libro: Arte y educaci\u00f3n en las infancias, que recorre el abordaje pedag\u00f3gico de este proyecto que surgi\u00f3 en la tarea docente, en el aula y en los escenarios para posicionar el juego como centro de las actividades en las infancias. En 2022, inaugur\u00f3 la colecci\u00f3n Pipoca, libros en carton\u00e9 para la primera infancia que ya cuenta con cinco t\u00edtulos: Coraz\u00f3n de ma\u00edz, La tortuga, Abrigame las huellas, Canto de primavera y Luna y pandero.<\/p>\n<p>&nbsp;<\/p>\n<p>El espect\u00e1culo de PIM PAU es l\u00fadico y vibrante. Invita al p\u00fablico al movimiento y a la participaci\u00f3n creativa, llevando al escenario una experiencia diversa a trav\u00e9s de ritmos brasile\u00f1os y latinos. Convoca a ni\u00f1os y adultos a sumergirse a un show donde la palabra es juego, la m\u00fasica juguete y el cuerpo instrumento.<\/p>\n<p>&nbsp;<\/p>\n<p>La propuesta plantea otro paradigma en el universo de contenidos para ni\u00f1os y ni\u00f1as en las redes, donde el cuerpo importa y la pantalla es un medio y no un fin. Utilizado por docentes, profesionales de la salud y familias, el contenido de Pim Pau est\u00e1 presente en las aulas y casas de todo el mundo.<\/p>\n<p>&nbsp;<\/p>\n<ul>\n<li>Del 27 de mayo al 1 de junio en La Habana, Cuba<\/li>\n<\/ul>\n","protected":false},"excerpt":{"rendered":"<p>El festival \u201cCoraz\u00f3n Feliz\u201d, incluir\u00e1 seis d\u00edas de conciertos, espect\u00e1culos teatrales de grupos aficionados y profesionales, eventos te\u00f3ricos, matin\u00e9s, flash mob, talleres, exposiciones, concursos, reciclaje de materias primas, limpieza de playas y acampadas culturales involucrando a todas las artes con un acento en la m\u00fasica hecha para ni\u00f1os y ni\u00f1as. &nbsp; Se proponen convertir este [&hellip;]<\/p>\n","protected":false},"author":7,"featured_media":22431,"comment_status":"closed","ping_status":"closed","sticky":false,"template":"","format":"standard","meta":{"footnotes":""},"categories":[53],"tags":[],"class_list":["post-22430","post","type-post","status-publish","format-standard","has-post-thumbnail","hentry","category-noticias-generales"],"lang":"es","translations":{"es":22430,"pt":22433},"pll_sync_post":[],"post_mailing_queue_ids":[],"_links":{"self":[{"href":"http:\/\/staging.ibermusicas.org\/index.php\/wp-json\/wp\/v2\/posts\/22430","targetHints":{"allow":["GET"]}}],"collection":[{"href":"http:\/\/staging.ibermusicas.org\/index.php\/wp-json\/wp\/v2\/posts"}],"about":[{"href":"http:\/\/staging.ibermusicas.org\/index.php\/wp-json\/wp\/v2\/types\/post"}],"author":[{"embeddable":true,"href":"http:\/\/staging.ibermusicas.org\/index.php\/wp-json\/wp\/v2\/users\/7"}],"replies":[{"embeddable":true,"href":"http:\/\/staging.ibermusicas.org\/index.php\/wp-json\/wp\/v2\/comments?post=22430"}],"version-history":[{"count":1,"href":"http:\/\/staging.ibermusicas.org\/index.php\/wp-json\/wp\/v2\/posts\/22430\/revisions"}],"predecessor-version":[{"id":22432,"href":"http:\/\/staging.ibermusicas.org\/index.php\/wp-json\/wp\/v2\/posts\/22430\/revisions\/22432"}],"wp:featuredmedia":[{"embeddable":true,"href":"http:\/\/staging.ibermusicas.org\/index.php\/wp-json\/wp\/v2\/media\/22431"}],"wp:attachment":[{"href":"http:\/\/staging.ibermusicas.org\/index.php\/wp-json\/wp\/v2\/media?parent=22430"}],"wp:term":[{"taxonomy":"category","embeddable":true,"href":"http:\/\/staging.ibermusicas.org\/index.php\/wp-json\/wp\/v2\/categories?post=22430"},{"taxonomy":"post_tag","embeddable":true,"href":"http:\/\/staging.ibermusicas.org\/index.php\/wp-json\/wp\/v2\/tags?post=22430"}],"curies":[{"name":"wp","href":"https:\/\/api.w.org\/{rel}","templated":true}]}}