{"id":22433,"date":"2025-05-14T16:18:42","date_gmt":"2025-05-14T16:18:42","guid":{"rendered":"http:\/\/staging.ibermusicas.org\/?p=22433"},"modified":"2025-06-03T15:51:52","modified_gmt":"2025-06-03T15:51:52","slug":"com-a-presenca-do-grupo-pim-pau-o-sexto-encontro-internacional-de-artes-para-criancas-corazon-feliz-sera-realizado-em-havana-cuba","status":"publish","type":"post","link":"http:\/\/staging.ibermusicas.org\/index.php\/com-a-presenca-do-grupo-pim-pau-o-sexto-encontro-internacional-de-artes-para-criancas-corazon-feliz-sera-realizado-em-havana-cuba\/","title":{"rendered":"Com a presen\u00e7a do grupo Pim Pau, o Sexto Encontro Internacional de Artes para Crian\u00e7as \u201cCoraz\u00f3n Feliz\u201d ser\u00e1 realizado em Havana, Cuba"},"content":{"rendered":"<p>O festival \u201cCoraz\u00f3n Feliz\u201d incluir\u00e1 seis dias de concertos, apresenta\u00e7\u00f5es teatrais de grupos amadores e profissionais, eventos te\u00f3ricos, matin\u00eas, flash mobs, oficinas, exposi\u00e7\u00f5es, concursos, reciclagem de mat\u00e9rias-primas, limpeza de praias e acampamentos culturais envolvendo todas as artes, com \u00eanfase na m\u00fasica feita para crian\u00e7as.<\/p>\n<p>&nbsp;<\/p>\n<p>O objetivo \u00e9 transformar esse evento em uma proposta integrada que envolva todos os espa\u00e7os de programa\u00e7\u00e3o regular de Havana para crian\u00e7as.<\/p>\n<p>&nbsp;<\/p>\n<p>Esta sexta edi\u00e7\u00e3o ser\u00e1 dedicada ao 95\u00ba anivers\u00e1rio da trovadora Teresita Fern\u00e1ndez, uma figura de destaque na cria\u00e7\u00e3o de m\u00fasica para crian\u00e7as em Cuba e na regi\u00e3o do Caribe e da Am\u00e9rica Latina. Gra\u00e7as ao apoio do Programa Iberm\u00fasicas, o grupo Pim Pau viajar\u00e1 a Cuba para fazer parte da programa\u00e7\u00e3o do Festival.<\/p>\n<p>&nbsp;<\/p>\n<p>Pim Pau \u00e9 um projeto argentino-brasileiro de arte e educa\u00e7\u00e3o para crian\u00e7as, integrado por C\u00e1ssio Carvalho, Eva Harvez e Lucho Milocco.<\/p>\n<p>&nbsp;<\/p>\n<p>Consolidou-se como um dos grupos mais populares entre as crian\u00e7as na Am\u00e9rica Latina, com uma identidade l\u00fadica que conquistou teatros e festivais na Argentina, Chile, Uruguai, Brasil, Col\u00f4mbia, Peru, Cuba, M\u00e9xico e Espanha. Com quatro \u00e1lbuns lan\u00e7ados: Recreo (2016), Coraz\u00f3n de crianza (2019), Upa (2023) e Cumplea\u00f1os (2024); centenas de milhares de ouvintes no Spotify, mais de 700 milh\u00f5es de visualiza\u00e7\u00f5es no YouTube e 1,5 milh\u00e3o de inscritos, tornando-se o grupo musical com mais inscritos da cena independente infantil da Argentina. Como editores independentes, em 2021 publicaram seu primeiro livro: Arte y educaci\u00f3n en las infancias, que aborda a pedagogia deste projeto que surgiu na tarefa docente, na sala de aula e nos palcos para posicionar o jogo como centro das atividades na inf\u00e2ncia. Em 2022, inaugurou a cole\u00e7\u00e3o Pipoca, livros em cart\u00e3o para a primeira inf\u00e2ncia que j\u00e1 conta com cinco t\u00edtulos: Coraz\u00f3n de ma\u00edz, La tortuga, Abrigame las huellas, Canto de primavera e Luna y pandero.<\/p>\n<p>&nbsp;<\/p>\n<p>O espet\u00e1culo de Pim Pau \u00e9 l\u00fadico e vibrante. Convida o p\u00fablico ao movimento e \u00e0 participa\u00e7\u00e3o criativa, levando ao palco uma experi\u00eancia diversificada atrav\u00e9s de ritmos brasileiros e latinos. Convida crian\u00e7as e adultos a mergulhar em um show onde a palavra \u00e9 brincadeira, a m\u00fasica \u00e9 brinquedo e o corpo \u00e9 instrumento.<\/p>\n<p>&nbsp;<\/p>\n<p>A proposta apresenta outro paradigma no universo de conte\u00fados para crian\u00e7as nas redes sociais, onde o corpo importa e a tela \u00e9 um meio e n\u00e3o um fim. Utilizado por professores, profissionais da sa\u00fade e fam\u00edlias, o conte\u00fado de Pim Pau est\u00e1 presente nas salas de aula e nos lares de todo o mundo.<\/p>\n<p>&nbsp;<\/p>\n<ul>\n<li>De 27 de maio a 1\u00ba de junho, em Havana, Cuba<\/li>\n<\/ul>\n","protected":false},"excerpt":{"rendered":"<p>O festival \u201cCoraz\u00f3n Feliz\u201d incluir\u00e1 seis dias de concertos, apresenta\u00e7\u00f5es teatrais de grupos amadores e profissionais, eventos te\u00f3ricos, matin\u00eas, flash mobs, oficinas, exposi\u00e7\u00f5es, concursos, reciclagem de mat\u00e9rias-primas, limpeza de praias e acampamentos culturais envolvendo todas as artes, com \u00eanfase na m\u00fasica feita para crian\u00e7as. &nbsp; O objetivo \u00e9 transformar esse evento em uma proposta integrada [&hellip;]<\/p>\n","protected":false},"author":7,"featured_media":22431,"comment_status":"closed","ping_status":"closed","sticky":false,"template":"","format":"standard","meta":{"footnotes":""},"categories":[218],"tags":[],"class_list":["post-22433","post","type-post","status-publish","format-standard","has-post-thumbnail","hentry","category-noticias-generales-pt"],"lang":"pt","translations":{"pt":22433,"es":22430},"pll_sync_post":[],"post_mailing_queue_ids":[],"_links":{"self":[{"href":"http:\/\/staging.ibermusicas.org\/index.php\/wp-json\/wp\/v2\/posts\/22433","targetHints":{"allow":["GET"]}}],"collection":[{"href":"http:\/\/staging.ibermusicas.org\/index.php\/wp-json\/wp\/v2\/posts"}],"about":[{"href":"http:\/\/staging.ibermusicas.org\/index.php\/wp-json\/wp\/v2\/types\/post"}],"author":[{"embeddable":true,"href":"http:\/\/staging.ibermusicas.org\/index.php\/wp-json\/wp\/v2\/users\/7"}],"replies":[{"embeddable":true,"href":"http:\/\/staging.ibermusicas.org\/index.php\/wp-json\/wp\/v2\/comments?post=22433"}],"version-history":[{"count":1,"href":"http:\/\/staging.ibermusicas.org\/index.php\/wp-json\/wp\/v2\/posts\/22433\/revisions"}],"predecessor-version":[{"id":22434,"href":"http:\/\/staging.ibermusicas.org\/index.php\/wp-json\/wp\/v2\/posts\/22433\/revisions\/22434"}],"wp:featuredmedia":[{"embeddable":true,"href":"http:\/\/staging.ibermusicas.org\/index.php\/wp-json\/wp\/v2\/media\/22431"}],"wp:attachment":[{"href":"http:\/\/staging.ibermusicas.org\/index.php\/wp-json\/wp\/v2\/media?parent=22433"}],"wp:term":[{"taxonomy":"category","embeddable":true,"href":"http:\/\/staging.ibermusicas.org\/index.php\/wp-json\/wp\/v2\/categories?post=22433"},{"taxonomy":"post_tag","embeddable":true,"href":"http:\/\/staging.ibermusicas.org\/index.php\/wp-json\/wp\/v2\/tags?post=22433"}],"curies":[{"name":"wp","href":"https:\/\/api.w.org\/{rel}","templated":true}]}}