{"id":22435,"date":"2025-05-14T16:20:37","date_gmt":"2025-05-14T16:20:37","guid":{"rendered":"http:\/\/staging.ibermusicas.org\/?p=22435"},"modified":"2025-06-03T15:51:45","modified_gmt":"2025-06-03T15:51:45","slug":"el-festival-iberoexperia-de-espana-presenta-a-acido-pantera-de-colombia","status":"publish","type":"post","link":"http:\/\/staging.ibermusicas.org\/index.php\/el-festival-iberoexperia-de-espana-presenta-a-acido-pantera-de-colombia\/","title":{"rendered":"El festival Iberoexperia de Espa\u00f1a, presenta a \u00c1cido Pantera de Colombia"},"content":{"rendered":"<p>Iberoexperia es el escaparate de los artistas iberoamericanos m\u00e1s innovadores y actuales, nada mejor que reunir lo mejor de cada cultura. Iberoexperia es un ciclo de conciertos que vuelve a pasar de mayo hasta noviembre de 2025, que se desarrolla a lo largo de dos noches, en Madrid y Barcelona, en fechas consecutivas, Iberoexperia Sessions presenta lo mejor de la escena musical contempor\u00e1nea de Latino Am\u00e9rica, Portugal y Espa\u00f1a.<\/p>\n<p>&nbsp;<\/p>\n<p>Para esta edici\u00f3n, y gracias al apoyo de Iberm\u00fasicas mediante su l\u00ednea de \u201cAyuda a la programaci\u00f3n musical\u201d, el tr\u00edo colombiano \u00c1cido Pantera ser\u00e1 parte de la programaci\u00f3n del festival.<\/p>\n<p>&nbsp;<\/p>\n<p>\u00c1cido Pantera es un tr\u00edo electr\u00f3nico enfocado hacia la m\u00fasica de ra\u00edz. Samba, merengue y vallenato, son parte de los elementos que construyen su paleta sonora a los cuales transforman para llevarlos hacia nuevos horizontes musicales.<\/p>\n<p>&nbsp;<\/p>\n<ul>\n<li>29 de mayo: Independance Club, Madrid, Espa\u00f1a<\/li>\n<li>30 de mayo: Club Sauvage, Barcelona, Espa\u00f1a<\/li>\n<\/ul>\n","protected":false},"excerpt":{"rendered":"<p>Iberoexperia es el escaparate de los artistas iberoamericanos m\u00e1s innovadores y actuales, nada mejor que reunir lo mejor de cada cultura. Iberoexperia es un ciclo de conciertos que vuelve a pasar de mayo hasta noviembre de 2025, que se desarrolla a lo largo de dos noches, en Madrid y Barcelona, en fechas consecutivas, Iberoexperia Sessions [&hellip;]<\/p>\n","protected":false},"author":7,"featured_media":22436,"comment_status":"closed","ping_status":"closed","sticky":false,"template":"","format":"standard","meta":{"footnotes":""},"categories":[53],"tags":[],"class_list":["post-22435","post","type-post","status-publish","format-standard","has-post-thumbnail","hentry","category-noticias-generales"],"lang":"es","translations":{"es":22435,"pt":22438},"pll_sync_post":[],"post_mailing_queue_ids":[],"_links":{"self":[{"href":"http:\/\/staging.ibermusicas.org\/index.php\/wp-json\/wp\/v2\/posts\/22435","targetHints":{"allow":["GET"]}}],"collection":[{"href":"http:\/\/staging.ibermusicas.org\/index.php\/wp-json\/wp\/v2\/posts"}],"about":[{"href":"http:\/\/staging.ibermusicas.org\/index.php\/wp-json\/wp\/v2\/types\/post"}],"author":[{"embeddable":true,"href":"http:\/\/staging.ibermusicas.org\/index.php\/wp-json\/wp\/v2\/users\/7"}],"replies":[{"embeddable":true,"href":"http:\/\/staging.ibermusicas.org\/index.php\/wp-json\/wp\/v2\/comments?post=22435"}],"version-history":[{"count":1,"href":"http:\/\/staging.ibermusicas.org\/index.php\/wp-json\/wp\/v2\/posts\/22435\/revisions"}],"predecessor-version":[{"id":22437,"href":"http:\/\/staging.ibermusicas.org\/index.php\/wp-json\/wp\/v2\/posts\/22435\/revisions\/22437"}],"wp:featuredmedia":[{"embeddable":true,"href":"http:\/\/staging.ibermusicas.org\/index.php\/wp-json\/wp\/v2\/media\/22436"}],"wp:attachment":[{"href":"http:\/\/staging.ibermusicas.org\/index.php\/wp-json\/wp\/v2\/media?parent=22435"}],"wp:term":[{"taxonomy":"category","embeddable":true,"href":"http:\/\/staging.ibermusicas.org\/index.php\/wp-json\/wp\/v2\/categories?post=22435"},{"taxonomy":"post_tag","embeddable":true,"href":"http:\/\/staging.ibermusicas.org\/index.php\/wp-json\/wp\/v2\/tags?post=22435"}],"curies":[{"name":"wp","href":"https:\/\/api.w.org\/{rel}","templated":true}]}}