{"id":22438,"date":"2025-05-14T16:22:09","date_gmt":"2025-05-14T16:22:09","guid":{"rendered":"http:\/\/staging.ibermusicas.org\/?p=22438"},"modified":"2025-06-03T15:51:36","modified_gmt":"2025-06-03T15:51:36","slug":"o-festival-iberoexperia-na-espanha-apresenta-acido-pantera-da-colombia","status":"publish","type":"post","link":"http:\/\/staging.ibermusicas.org\/index.php\/o-festival-iberoexperia-na-espanha-apresenta-acido-pantera-da-colombia\/","title":{"rendered":"O festival Iberoexperia, na Espanha, apresenta \u00c1cido Pantera, da Col\u00f4mbia"},"content":{"rendered":"<p>Iberoexperia \u00e9 uma vitrine para os artistas ibero-americanos mais inovadores e atuais, nada melhor do que reunir o melhor de cada cultura. Iberoexperia \u00e9 um ciclo de concertos que volta a acontecer de maio a novembro de 2025, que se desenvolve ao longo de duas noites, em Madri e Barcelona, em datas consecutivas. Iberoexperia Sessions apresenta o melhor da cena musical contempor\u00e2nea da Am\u00e9rica Latina, Portugal e Espanha.<\/p>\n<p>&nbsp;<\/p>\n<p>Para esta edi\u00e7\u00e3o, e gra\u00e7as ao apoio da Iberm\u00fasicas atrav\u00e9s da sua linha de \u201cApoio \u00e0 programa\u00e7\u00e3o musical\u201d, o trio colombiano \u00c1cido Pantera far\u00e1 parte da programa\u00e7\u00e3o do festival.<\/p>\n<p>&nbsp;<\/p>\n<p>\u00c1cido Pantera \u00e9 um trio eletr\u00f4nico focado na m\u00fasica de raiz. Samba, merengue e vallenato s\u00e3o alguns dos elementos que comp\u00f5em a sua paleta sonora, que eles transformam para levar a novos horizontes musicais.<\/p>\n<p>&nbsp;<\/p>\n<ul>\n<li>29 de maio: Independance Club, Madri, Espanha<\/li>\n<li>30 de maio: Club Sauvage, Barcelona, Espanha<\/li>\n<\/ul>\n","protected":false},"excerpt":{"rendered":"<p>Iberoexperia \u00e9 uma vitrine para os artistas ibero-americanos mais inovadores e atuais, nada melhor do que reunir o melhor de cada cultura. Iberoexperia \u00e9 um ciclo de concertos que volta a acontecer de maio a novembro de 2025, que se desenvolve ao longo de duas noites, em Madri e Barcelona, em datas consecutivas. Iberoexperia Sessions [&hellip;]<\/p>\n","protected":false},"author":7,"featured_media":22436,"comment_status":"closed","ping_status":"closed","sticky":false,"template":"","format":"standard","meta":{"footnotes":""},"categories":[218],"tags":[],"class_list":["post-22438","post","type-post","status-publish","format-standard","has-post-thumbnail","hentry","category-noticias-generales-pt"],"lang":"pt","translations":{"pt":22438,"es":22435},"pll_sync_post":[],"post_mailing_queue_ids":[],"_links":{"self":[{"href":"http:\/\/staging.ibermusicas.org\/index.php\/wp-json\/wp\/v2\/posts\/22438","targetHints":{"allow":["GET"]}}],"collection":[{"href":"http:\/\/staging.ibermusicas.org\/index.php\/wp-json\/wp\/v2\/posts"}],"about":[{"href":"http:\/\/staging.ibermusicas.org\/index.php\/wp-json\/wp\/v2\/types\/post"}],"author":[{"embeddable":true,"href":"http:\/\/staging.ibermusicas.org\/index.php\/wp-json\/wp\/v2\/users\/7"}],"replies":[{"embeddable":true,"href":"http:\/\/staging.ibermusicas.org\/index.php\/wp-json\/wp\/v2\/comments?post=22438"}],"version-history":[{"count":1,"href":"http:\/\/staging.ibermusicas.org\/index.php\/wp-json\/wp\/v2\/posts\/22438\/revisions"}],"predecessor-version":[{"id":22439,"href":"http:\/\/staging.ibermusicas.org\/index.php\/wp-json\/wp\/v2\/posts\/22438\/revisions\/22439"}],"wp:featuredmedia":[{"embeddable":true,"href":"http:\/\/staging.ibermusicas.org\/index.php\/wp-json\/wp\/v2\/media\/22436"}],"wp:attachment":[{"href":"http:\/\/staging.ibermusicas.org\/index.php\/wp-json\/wp\/v2\/media?parent=22438"}],"wp:term":[{"taxonomy":"category","embeddable":true,"href":"http:\/\/staging.ibermusicas.org\/index.php\/wp-json\/wp\/v2\/categories?post=22438"},{"taxonomy":"post_tag","embeddable":true,"href":"http:\/\/staging.ibermusicas.org\/index.php\/wp-json\/wp\/v2\/tags?post=22438"}],"curies":[{"name":"wp","href":"https:\/\/api.w.org\/{rel}","templated":true}]}}