{"id":22440,"date":"2025-05-14T16:24:35","date_gmt":"2025-05-14T16:24:35","guid":{"rendered":"http:\/\/staging.ibermusicas.org\/?p=22440"},"modified":"2025-06-03T15:51:28","modified_gmt":"2025-06-03T15:51:28","slug":"llega-el-lanzamiento-de-la-produccion-musical-en-ecuador-ii","status":"publish","type":"post","link":"http:\/\/staging.ibermusicas.org\/index.php\/llega-el-lanzamiento-de-la-produccion-musical-en-ecuador-ii\/","title":{"rendered":"Llega el lanzamiento de \u201cLa Producci\u00f3n Musical en Ecuador II\u201d"},"content":{"rendered":"<p>El 30 de mayo, en el marco de la convenci\u00f3n AES 2025 (Audio Engineering Society) en la Universidad San Francisco de Quito, se estrenar\u00e1 oficialmente el segundo cap\u00edtulo del proyecto La Producci\u00f3n Musical en el Ecuador Cap. II, una serie audiovisual que explora en profundidad los procesos creativos, t\u00e9cnicos y humanos detr\u00e1s de la m\u00fasica contempor\u00e1nea en Ecuador y Am\u00e9rica Latina.<\/p>\n<p>Este proyecto es el resultado de una colaboraci\u00f3n entre Andr\u00e9s Bracero y Geovanny Alencastro (Astrolabio Studio), con el auspicio de Iberm\u00fasicas mediante su l\u00ednea de \u201cAyuda a proyectos virtuales\u201d.<\/p>\n<p>En esta nueva entrega, se revelan los m\u00e9todos, las inspiraciones y los enfoques de producci\u00f3n de destacadas figuras de la m\u00fasica y producci\u00f3n musical ecuatoriana: Nacho Freire, Ivis Flies, Jorge Luis Boh\u00f3rquez, Carlos Gallegos y Juanita Burbano. Cada uno comparte su visi\u00f3n particular, permitiendo al espectador adentrarse en una pluralidad de estilos, trayectorias y b\u00fasquedas sonoras.<\/p>\n<p>Este proyecto no s\u00f3lo documenta el hacer musical desde una perspectiva t\u00e9cnica y art\u00edstica, sino que tambi\u00e9n propone una mirada cr\u00edtica y sensible sobre la creaci\u00f3n en el contexto latinoamericano actual. La Producci\u00f3n Musical en el Ecuador Cap. II se consolida como un archivo vivo y en expansi\u00f3n, pensado para estudiantes, profesionales, investigadores y amantes del sonido.<\/p>\n<p>La presentaci\u00f3n incluir\u00e1 una proyecci\u00f3n del cap\u00edtulo, un conversatorio con sus realizadores y protagonistas, y un espacio de di\u00e1logo con el p\u00fablico, en el cual se discutir\u00e1n los desaf\u00edos actuales de la producci\u00f3n musical en la regi\u00f3n.<\/p>\n<p>Este proyecto cuenta con el apoyo del Programa Iberm\u00fasicas mediante la l\u00ednea de \u201cAyuda a proyectos virtuales\u201d, convocatoria 2024.<\/p>\n<ul>\n<li>30 de mayo, Convenci\u00f3n Audio Engineering Society 2025, Universidad San Francisco, Quito, Ecuador<\/li>\n<\/ul>\n","protected":false},"excerpt":{"rendered":"<p>El 30 de mayo, en el marco de la convenci\u00f3n AES 2025 (Audio Engineering Society) en la Universidad San Francisco de Quito, se estrenar\u00e1 oficialmente el segundo cap\u00edtulo del proyecto La Producci\u00f3n Musical en el Ecuador Cap. II, una serie audiovisual que explora en profundidad los procesos creativos, t\u00e9cnicos y humanos detr\u00e1s de la m\u00fasica [&hellip;]<\/p>\n","protected":false},"author":7,"featured_media":22537,"comment_status":"closed","ping_status":"closed","sticky":false,"template":"","format":"standard","meta":{"footnotes":""},"categories":[53],"tags":[],"class_list":["post-22440","post","type-post","status-publish","format-standard","has-post-thumbnail","hentry","category-noticias-generales"],"lang":"es","translations":{"es":22440,"pt":22443},"pll_sync_post":[],"post_mailing_queue_ids":[],"_links":{"self":[{"href":"http:\/\/staging.ibermusicas.org\/index.php\/wp-json\/wp\/v2\/posts\/22440","targetHints":{"allow":["GET"]}}],"collection":[{"href":"http:\/\/staging.ibermusicas.org\/index.php\/wp-json\/wp\/v2\/posts"}],"about":[{"href":"http:\/\/staging.ibermusicas.org\/index.php\/wp-json\/wp\/v2\/types\/post"}],"author":[{"embeddable":true,"href":"http:\/\/staging.ibermusicas.org\/index.php\/wp-json\/wp\/v2\/users\/7"}],"replies":[{"embeddable":true,"href":"http:\/\/staging.ibermusicas.org\/index.php\/wp-json\/wp\/v2\/comments?post=22440"}],"version-history":[{"count":1,"href":"http:\/\/staging.ibermusicas.org\/index.php\/wp-json\/wp\/v2\/posts\/22440\/revisions"}],"predecessor-version":[{"id":22442,"href":"http:\/\/staging.ibermusicas.org\/index.php\/wp-json\/wp\/v2\/posts\/22440\/revisions\/22442"}],"wp:featuredmedia":[{"embeddable":true,"href":"http:\/\/staging.ibermusicas.org\/index.php\/wp-json\/wp\/v2\/media\/22537"}],"wp:attachment":[{"href":"http:\/\/staging.ibermusicas.org\/index.php\/wp-json\/wp\/v2\/media?parent=22440"}],"wp:term":[{"taxonomy":"category","embeddable":true,"href":"http:\/\/staging.ibermusicas.org\/index.php\/wp-json\/wp\/v2\/categories?post=22440"},{"taxonomy":"post_tag","embeddable":true,"href":"http:\/\/staging.ibermusicas.org\/index.php\/wp-json\/wp\/v2\/tags?post=22440"}],"curies":[{"name":"wp","href":"https:\/\/api.w.org\/{rel}","templated":true}]}}