{"id":22443,"date":"2025-05-14T16:26:59","date_gmt":"2025-05-14T16:26:59","guid":{"rendered":"http:\/\/staging.ibermusicas.org\/?p=22443"},"modified":"2025-06-03T15:51:20","modified_gmt":"2025-06-03T15:51:20","slug":"chega-o-lancamento-de-a-producao-musical-no-equador-ii","status":"publish","type":"post","link":"http:\/\/staging.ibermusicas.org\/index.php\/chega-o-lancamento-de-a-producao-musical-no-equador-ii\/","title":{"rendered":"Chega o lan\u00e7amento de \u201cA Produ\u00e7\u00e3o Musical no Equador II\u201d"},"content":{"rendered":"<p>No dia 30 de maio, no \u00e2mbito da conven\u00e7\u00e3o AES 2025 (Audio Engineering Society) na Universidade San Francisco de Quito, ser\u00e1 lan\u00e7ado oficialmente o segundo cap\u00edtulo do projeto A Produ\u00e7\u00e3o Musical no Equador Cap. II, uma s\u00e9rie audiovisual que explora em profundidade os processos criativos, t\u00e9cnicos e humanos por tr\u00e1s da m\u00fasica contempor\u00e2nea no Equador e na Am\u00e9rica Latina.<\/p>\n<p>&nbsp;<\/p>\n<p>Este projeto \u00e9 resultado de uma colabora\u00e7\u00e3o entre Andr\u00e9s Bracero e Geovanny Alencastro (Astrolabio Studio), com o patroc\u00ednio do Programa Iberm\u00fasicas atrav\u00e9s de sua linha de \u201cApoio a projetos virtuais\u201d.<\/p>\n<p>&nbsp;<\/p>\n<p>Nesta nova entrega, s\u00e3o revelados os m\u00e9todos, as inspira\u00e7\u00f5es e as abordagens de produ\u00e7\u00e3o de figuras de destaque da m\u00fasica e da produ\u00e7\u00e3o musical equatoriana: Nacho Freire, Ivis Flies, Jorge Luis Boh\u00f3rquez, Carlos Gallegos e Juanita Burbano. Cada um compartilha sua vis\u00e3o particular, permitindo ao espectador mergulhar em uma pluralidade de estilos, trajet\u00f3rias e buscas sonoras.<\/p>\n<p>&nbsp;<\/p>\n<p>Este projeto n\u00e3o apenas documenta a produ\u00e7\u00e3o musical de uma perspectiva t\u00e9cnica e art\u00edstica, mas tamb\u00e9m prop\u00f5e um olhar cr\u00edtico e sens\u00edvel sobre a cria\u00e7\u00e3o no contexto latino-americano atual. A Produ\u00e7\u00e3o Musical no Equador Cap. II se consolida como um arquivo vivo e em expans\u00e3o, pensado para estudantes, profissionais, pesquisadores e amantes do som.<\/p>\n<p>&nbsp;<\/p>\n<p>A apresenta\u00e7\u00e3o incluir\u00e1 uma proje\u00e7\u00e3o do cap\u00edtulo, um debate com seus realizadores e protagonistas, e um espa\u00e7o de di\u00e1logo com o p\u00fablico, no qual ser\u00e3o discutidos os desafios atuais da produ\u00e7\u00e3o musical na regi\u00e3o.<\/p>\n<p>&nbsp;<\/p>\n<p>Este projeto conta com o apoio do Programa Iberm\u00fasicas atrav\u00e9s da linha \u201cApoio a projetos virtuais\u201d, convocat\u00f3ria 2024.<\/p>\n<ul>\n<li>30 de maio, Conven\u00e7\u00e3o da Audio Engineering Society 2025, Universidade San Francisco, Quito, Equador<\/li>\n<\/ul>\n","protected":false},"excerpt":{"rendered":"<p>No dia 30 de maio, no \u00e2mbito da conven\u00e7\u00e3o AES 2025 (Audio Engineering Society) na Universidade San Francisco de Quito, ser\u00e1 lan\u00e7ado oficialmente o segundo cap\u00edtulo do projeto A Produ\u00e7\u00e3o Musical no Equador Cap. II, uma s\u00e9rie audiovisual que explora em profundidade os processos criativos, t\u00e9cnicos e humanos por tr\u00e1s da m\u00fasica contempor\u00e2nea no Equador [&hellip;]<\/p>\n","protected":false},"author":7,"featured_media":22538,"comment_status":"closed","ping_status":"closed","sticky":false,"template":"","format":"standard","meta":{"footnotes":""},"categories":[218],"tags":[],"class_list":["post-22443","post","type-post","status-publish","format-standard","has-post-thumbnail","hentry","category-noticias-generales-pt"],"lang":"pt","translations":{"pt":22443,"es":22440},"pll_sync_post":[],"post_mailing_queue_ids":[],"_links":{"self":[{"href":"http:\/\/staging.ibermusicas.org\/index.php\/wp-json\/wp\/v2\/posts\/22443","targetHints":{"allow":["GET"]}}],"collection":[{"href":"http:\/\/staging.ibermusicas.org\/index.php\/wp-json\/wp\/v2\/posts"}],"about":[{"href":"http:\/\/staging.ibermusicas.org\/index.php\/wp-json\/wp\/v2\/types\/post"}],"author":[{"embeddable":true,"href":"http:\/\/staging.ibermusicas.org\/index.php\/wp-json\/wp\/v2\/users\/7"}],"replies":[{"embeddable":true,"href":"http:\/\/staging.ibermusicas.org\/index.php\/wp-json\/wp\/v2\/comments?post=22443"}],"version-history":[{"count":1,"href":"http:\/\/staging.ibermusicas.org\/index.php\/wp-json\/wp\/v2\/posts\/22443\/revisions"}],"predecessor-version":[{"id":22444,"href":"http:\/\/staging.ibermusicas.org\/index.php\/wp-json\/wp\/v2\/posts\/22443\/revisions\/22444"}],"wp:featuredmedia":[{"embeddable":true,"href":"http:\/\/staging.ibermusicas.org\/index.php\/wp-json\/wp\/v2\/media\/22538"}],"wp:attachment":[{"href":"http:\/\/staging.ibermusicas.org\/index.php\/wp-json\/wp\/v2\/media?parent=22443"}],"wp:term":[{"taxonomy":"category","embeddable":true,"href":"http:\/\/staging.ibermusicas.org\/index.php\/wp-json\/wp\/v2\/categories?post=22443"},{"taxonomy":"post_tag","embeddable":true,"href":"http:\/\/staging.ibermusicas.org\/index.php\/wp-json\/wp\/v2\/tags?post=22443"}],"curies":[{"name":"wp","href":"https:\/\/api.w.org\/{rel}","templated":true}]}}