{"id":22445,"date":"2025-05-14T16:28:30","date_gmt":"2025-05-14T16:28:30","guid":{"rendered":"http:\/\/staging.ibermusicas.org\/?p=22445"},"modified":"2025-06-03T15:51:14","modified_gmt":"2025-06-03T15:51:14","slug":"llega-el-foro-iberoamericano-de-mercados-musicales-dentro-del-evento-rio2c-en-rio-de-janeiro","status":"publish","type":"post","link":"http:\/\/staging.ibermusicas.org\/index.php\/llega-el-foro-iberoamericano-de-mercados-musicales-dentro-del-evento-rio2c-en-rio-de-janeiro\/","title":{"rendered":"Llega el Foro Iberoamericano de Mercados Musicales, dentro del evento Rio2C, en R\u00edo de Janeiro"},"content":{"rendered":"<p>El Rio2C, el mayor evento de creatividad e innovaci\u00f3n de Am\u00e9rica Latina, acoger\u00e1 al Foro Iberoamericano de Mercados Musicales, en colaboraci\u00f3n con la organizadora del evento, Micaela Neiva. Esta colaboraci\u00f3n refuerza el compromiso de Rio2C con la promoci\u00f3n de la cultura, la creatividad y la integraci\u00f3n internacional, en l\u00ednea con los objetivos del programa Iberm\u00fasicas de fortalecer las redes y fomentar el di\u00e1logo en el panorama musical iberoamericano.<\/p>\n<p>&nbsp;<\/p>\n<p>El Foro ser\u00e1 una plataforma enriquecedora para el intercambio de experiencias, el desarrollo de negocios y la creaci\u00f3n de conexiones entre profesionales de la m\u00fasica.<\/p>\n<p>&nbsp;<\/p>\n<p>El Foro Iberoamericano de Mercados Musicales ha sido ganador de la convocatoria 2023 del Programa Iberm\u00fasicas para \u201cAyuda a la programaci\u00f3n musical\u201d.<\/p>\n<ul>\n<li>Del 30 de mayo al 1 de junio, dentro de Rio2C. , en el evento Rio2C, R\u00edo de Janeiro, Brasil<\/li>\n<\/ul>\n","protected":false},"excerpt":{"rendered":"<p>El Rio2C, el mayor evento de creatividad e innovaci\u00f3n de Am\u00e9rica Latina, acoger\u00e1 al Foro Iberoamericano de Mercados Musicales, en colaboraci\u00f3n con la organizadora del evento, Micaela Neiva. Esta colaboraci\u00f3n refuerza el compromiso de Rio2C con la promoci\u00f3n de la cultura, la creatividad y la integraci\u00f3n internacional, en l\u00ednea con los objetivos del programa Iberm\u00fasicas [&hellip;]<\/p>\n","protected":false},"author":7,"featured_media":22446,"comment_status":"closed","ping_status":"closed","sticky":false,"template":"","format":"standard","meta":{"footnotes":""},"categories":[53],"tags":[],"class_list":["post-22445","post","type-post","status-publish","format-standard","has-post-thumbnail","hentry","category-noticias-generales"],"lang":"es","translations":{"es":22445,"pt":22448},"pll_sync_post":[],"post_mailing_queue_ids":[],"_links":{"self":[{"href":"http:\/\/staging.ibermusicas.org\/index.php\/wp-json\/wp\/v2\/posts\/22445","targetHints":{"allow":["GET"]}}],"collection":[{"href":"http:\/\/staging.ibermusicas.org\/index.php\/wp-json\/wp\/v2\/posts"}],"about":[{"href":"http:\/\/staging.ibermusicas.org\/index.php\/wp-json\/wp\/v2\/types\/post"}],"author":[{"embeddable":true,"href":"http:\/\/staging.ibermusicas.org\/index.php\/wp-json\/wp\/v2\/users\/7"}],"replies":[{"embeddable":true,"href":"http:\/\/staging.ibermusicas.org\/index.php\/wp-json\/wp\/v2\/comments?post=22445"}],"version-history":[{"count":1,"href":"http:\/\/staging.ibermusicas.org\/index.php\/wp-json\/wp\/v2\/posts\/22445\/revisions"}],"predecessor-version":[{"id":22447,"href":"http:\/\/staging.ibermusicas.org\/index.php\/wp-json\/wp\/v2\/posts\/22445\/revisions\/22447"}],"wp:featuredmedia":[{"embeddable":true,"href":"http:\/\/staging.ibermusicas.org\/index.php\/wp-json\/wp\/v2\/media\/22446"}],"wp:attachment":[{"href":"http:\/\/staging.ibermusicas.org\/index.php\/wp-json\/wp\/v2\/media?parent=22445"}],"wp:term":[{"taxonomy":"category","embeddable":true,"href":"http:\/\/staging.ibermusicas.org\/index.php\/wp-json\/wp\/v2\/categories?post=22445"},{"taxonomy":"post_tag","embeddable":true,"href":"http:\/\/staging.ibermusicas.org\/index.php\/wp-json\/wp\/v2\/tags?post=22445"}],"curies":[{"name":"wp","href":"https:\/\/api.w.org\/{rel}","templated":true}]}}