{"id":22448,"date":"2025-05-14T16:30:40","date_gmt":"2025-05-14T16:30:40","guid":{"rendered":"http:\/\/staging.ibermusicas.org\/?p=22448"},"modified":"2025-06-03T15:51:06","modified_gmt":"2025-06-03T15:51:06","slug":"chega-o-forum-ibero-americano-de-mercados-musicais-dentro-do-evento-rio2c-no-rio-de-janeiro","status":"publish","type":"post","link":"http:\/\/staging.ibermusicas.org\/index.php\/chega-o-forum-ibero-americano-de-mercados-musicais-dentro-do-evento-rio2c-no-rio-de-janeiro\/","title":{"rendered":"Chega o\u00a0 F\u00f3rum Ibero-Americano de Mercados Musicais, dentro do evento Rio2C, no Rio de Janeiro"},"content":{"rendered":"<p>O Rio2C \u2013 maior evento de criatividade e inova\u00e7\u00e3o da Am\u00e9rica Latina \u2013 abrigar\u00e1 o F\u00f3rum Ibero-americano de Mercados Musicais, em parceria com a organizadora do evento, Micaela Neiva. Esta parceria refor\u00e7a o compromisso do Rio2C com a promo\u00e7\u00e3o da cultura, criatividade e integra\u00e7\u00e3o internacional, alinhando-se aos objetivos do programa Iberm\u00fasicas de fortalecer redes e fomentar di\u00e1logos no cen\u00e1rio musical iberoamericano.<\/p>\n<p>&nbsp;<\/p>\n<p>O F\u00f3rum ser\u00e1 uma plataforma enriquecedora para troca de experi\u00eancias, desenvolvimento de neg\u00f3cios e cria\u00e7\u00e3o de conex\u00f5es entre profissionais da m\u00fasica.<\/p>\n<p>O F\u00f3rum Ibero-Americano de Mercados Musicais foi o vencedor da convocat\u00f3ria 2023 do Programa Iberm\u00fasicas para \u201cApoio \u00e0 programa\u00e7\u00e3o musical\u201d.<\/p>\n<p>&nbsp;<\/p>\n<ul>\n<li>Do 30 de maio a 1 de junho, dentro do Rio2C. , no evento Rio2C, Rio de Janeiro, Brasil<\/li>\n<\/ul>\n","protected":false},"excerpt":{"rendered":"<p>O Rio2C \u2013 maior evento de criatividade e inova\u00e7\u00e3o da Am\u00e9rica Latina \u2013 abrigar\u00e1 o F\u00f3rum Ibero-americano de Mercados Musicais, em parceria com a organizadora do evento, Micaela Neiva. Esta parceria refor\u00e7a o compromisso do Rio2C com a promo\u00e7\u00e3o da cultura, criatividade e integra\u00e7\u00e3o internacional, alinhando-se aos objetivos do programa Iberm\u00fasicas de fortalecer redes e [&hellip;]<\/p>\n","protected":false},"author":7,"featured_media":22446,"comment_status":"closed","ping_status":"closed","sticky":false,"template":"","format":"standard","meta":{"footnotes":""},"categories":[218],"tags":[],"class_list":["post-22448","post","type-post","status-publish","format-standard","has-post-thumbnail","hentry","category-noticias-generales-pt"],"lang":"pt","translations":{"pt":22448,"es":22445},"pll_sync_post":[],"post_mailing_queue_ids":[],"_links":{"self":[{"href":"http:\/\/staging.ibermusicas.org\/index.php\/wp-json\/wp\/v2\/posts\/22448","targetHints":{"allow":["GET"]}}],"collection":[{"href":"http:\/\/staging.ibermusicas.org\/index.php\/wp-json\/wp\/v2\/posts"}],"about":[{"href":"http:\/\/staging.ibermusicas.org\/index.php\/wp-json\/wp\/v2\/types\/post"}],"author":[{"embeddable":true,"href":"http:\/\/staging.ibermusicas.org\/index.php\/wp-json\/wp\/v2\/users\/7"}],"replies":[{"embeddable":true,"href":"http:\/\/staging.ibermusicas.org\/index.php\/wp-json\/wp\/v2\/comments?post=22448"}],"version-history":[{"count":1,"href":"http:\/\/staging.ibermusicas.org\/index.php\/wp-json\/wp\/v2\/posts\/22448\/revisions"}],"predecessor-version":[{"id":22449,"href":"http:\/\/staging.ibermusicas.org\/index.php\/wp-json\/wp\/v2\/posts\/22448\/revisions\/22449"}],"wp:featuredmedia":[{"embeddable":true,"href":"http:\/\/staging.ibermusicas.org\/index.php\/wp-json\/wp\/v2\/media\/22446"}],"wp:attachment":[{"href":"http:\/\/staging.ibermusicas.org\/index.php\/wp-json\/wp\/v2\/media?parent=22448"}],"wp:term":[{"taxonomy":"category","embeddable":true,"href":"http:\/\/staging.ibermusicas.org\/index.php\/wp-json\/wp\/v2\/categories?post=22448"},{"taxonomy":"post_tag","embeddable":true,"href":"http:\/\/staging.ibermusicas.org\/index.php\/wp-json\/wp\/v2\/tags?post=22448"}],"curies":[{"name":"wp","href":"https:\/\/api.w.org\/{rel}","templated":true}]}}