{"id":22454,"date":"2025-05-14T16:33:51","date_gmt":"2025-05-14T16:33:51","guid":{"rendered":"http:\/\/staging.ibermusicas.org\/?p=22454"},"modified":"2025-06-03T15:50:51","modified_gmt":"2025-06-03T15:50:51","slug":"jorge-lechuga-amelco-do-mexico-e-diego-varillas-do-peru-estao-trabalhando-em-mexicandino-uma-ponte-sonora-entre-tradicao-e-vanguarda","status":"publish","type":"post","link":"http:\/\/staging.ibermusicas.org\/index.php\/jorge-lechuga-amelco-do-mexico-e-diego-varillas-do-peru-estao-trabalhando-em-mexicandino-uma-ponte-sonora-entre-tradicao-e-vanguarda\/","title":{"rendered":"Jorge Lechuga Amelco, do M\u00e9xico, e Diego Varillas, do Peru, est\u00e3o trabalhando em \u201cMexicandino: Uma Ponte Sonora entre Tradi\u00e7\u00e3o e Vanguarda\u201d"},"content":{"rendered":"<p>Mexicandino \u00e9 um projeto musical transnacional que entrela\u00e7a as ra\u00edzes culturais do M\u00e9xico e do Peru atrav\u00e9s de uma abordagem contempor\u00e2nea e experimental. Nascido da colabora\u00e7\u00e3o entre artistas de ambos os pa\u00edses, Jorge Lechuga Amelco e Diego Varillas, o projeto prop\u00f5e uma explora\u00e7\u00e3o sonora que funde elementos aut\u00f3ctones das tradi\u00e7\u00f5es musicais andinas e mexicanas com recursos tecnol\u00f3gicos modernos, criando um di\u00e1logo inovador entre o passado e o presente.<\/p>\n<p>&nbsp;<\/p>\n<p>Este EP de cinco pe\u00e7as originais foi meticulosamente elaborado para evocar paisagens sonoras que combinam instrumentos tradicionais \u2014 como a quena, o charango, a jarana e o viol\u00e3o \u2014 com sintetizadores, design de som, texturas eletr\u00f4nicas, sons da natureza e vozes humanas.<\/p>\n<p>&nbsp;<\/p>\n<p>Mexicandino transita por g\u00eaneros como o ambient, o minimalismo e a m\u00fasica folcl\u00f3rica, propondo uma experi\u00eancia imersiva que celebra a riqueza e a diversidade cultural de ambos os pa\u00edses. A proposta tamb\u00e9m enfatiza a colabora\u00e7\u00e3o virtual como forma de cria\u00e7\u00e3o art\u00edstica transfronteiri\u00e7a, fazendo uso de ferramentas digitais para superar barreiras geogr\u00e1ficas.<\/p>\n<p>&nbsp;<\/p>\n<p>Vencedor do programa: Apoio a Projetos Virtuais: Iberm\u00fasicas 2024, Mexicandino n\u00e3o representa apenas uma experi\u00eancia est\u00e9tica \u00fanica, mas tamb\u00e9m uma aposta na coopera\u00e7\u00e3o art\u00edstica latino-americana e no reconhecimento do patrim\u00f4nio sonoro de nossos povos em contextos contempor\u00e2neos.<\/p>\n","protected":false},"excerpt":{"rendered":"<p>Mexicandino \u00e9 um projeto musical transnacional que entrela\u00e7a as ra\u00edzes culturais do M\u00e9xico e do Peru atrav\u00e9s de uma abordagem contempor\u00e2nea e experimental. Nascido da colabora\u00e7\u00e3o entre artistas de ambos os pa\u00edses, Jorge Lechuga Amelco e Diego Varillas, o projeto prop\u00f5e uma explora\u00e7\u00e3o sonora que funde elementos aut\u00f3ctones das tradi\u00e7\u00f5es musicais andinas e mexicanas com [&hellip;]<\/p>\n","protected":false},"author":7,"featured_media":22451,"comment_status":"closed","ping_status":"closed","sticky":false,"template":"","format":"standard","meta":{"footnotes":""},"categories":[218],"tags":[],"class_list":["post-22454","post","type-post","status-publish","format-standard","has-post-thumbnail","hentry","category-noticias-generales-pt"],"lang":"pt","translations":{"pt":22454,"es":22450},"pll_sync_post":[],"post_mailing_queue_ids":[],"_links":{"self":[{"href":"http:\/\/staging.ibermusicas.org\/index.php\/wp-json\/wp\/v2\/posts\/22454","targetHints":{"allow":["GET"]}}],"collection":[{"href":"http:\/\/staging.ibermusicas.org\/index.php\/wp-json\/wp\/v2\/posts"}],"about":[{"href":"http:\/\/staging.ibermusicas.org\/index.php\/wp-json\/wp\/v2\/types\/post"}],"author":[{"embeddable":true,"href":"http:\/\/staging.ibermusicas.org\/index.php\/wp-json\/wp\/v2\/users\/7"}],"replies":[{"embeddable":true,"href":"http:\/\/staging.ibermusicas.org\/index.php\/wp-json\/wp\/v2\/comments?post=22454"}],"version-history":[{"count":1,"href":"http:\/\/staging.ibermusicas.org\/index.php\/wp-json\/wp\/v2\/posts\/22454\/revisions"}],"predecessor-version":[{"id":22455,"href":"http:\/\/staging.ibermusicas.org\/index.php\/wp-json\/wp\/v2\/posts\/22454\/revisions\/22455"}],"wp:featuredmedia":[{"embeddable":true,"href":"http:\/\/staging.ibermusicas.org\/index.php\/wp-json\/wp\/v2\/media\/22451"}],"wp:attachment":[{"href":"http:\/\/staging.ibermusicas.org\/index.php\/wp-json\/wp\/v2\/media?parent=22454"}],"wp:term":[{"taxonomy":"category","embeddable":true,"href":"http:\/\/staging.ibermusicas.org\/index.php\/wp-json\/wp\/v2\/categories?post=22454"},{"taxonomy":"post_tag","embeddable":true,"href":"http:\/\/staging.ibermusicas.org\/index.php\/wp-json\/wp\/v2\/tags?post=22454"}],"curies":[{"name":"wp","href":"https:\/\/api.w.org\/{rel}","templated":true}]}}