{"id":22459,"date":"2025-05-14T21:49:49","date_gmt":"2025-05-14T21:49:49","guid":{"rendered":"http:\/\/staging.ibermusicas.org\/?p=22459"},"modified":"2025-05-15T15:23:30","modified_gmt":"2025-05-15T15:23:30","slug":"ibermusicas-apresenta-a-segunda-edicao-de-identidades-sonoras-as-playlists-do-ibermusicas","status":"publish","type":"post","link":"http:\/\/staging.ibermusicas.org\/index.php\/ibermusicas-apresenta-a-segunda-edicao-de-identidades-sonoras-as-playlists-do-ibermusicas\/","title":{"rendered":"IBERM\u00daSICAS apresenta a segunda edi\u00e7\u00e3o de Identidades Sonoras, as playlists do IBERM\u00daSICAS"},"content":{"rendered":"<p>\u201cIdentidades Sonoras\u201d surge como um projeto que convida curadores e curadoras de cada um dos pa\u00edses que integram o Programa Iberm\u00fasicas a propor uma viagem pelos mapas musicais das suas na\u00e7\u00f5es a partir de uma vis\u00e3o autoral.<\/p>\n<p>Identificamo-nos na diversidade, na complexidade de um caleidosc\u00f3pio sonoro. Marcamos os nossos percursos num mapa desenhado com todas as cores poss\u00edveis e ao som de uma m\u00fasica que nunca \u00e9 uma s\u00f3, mas que \u00e9 \u00fanica. Uma m\u00fasica feita com milhares de experi\u00eancias, procuras, sonoridades, hist\u00f3rias, l\u00ednguas, vozes, um espelho no qual nos vemos, nos encontramos e nos descobrimos.<\/p>\n<p>Para esta segunda edi\u00e7\u00e3o, foram convidadas e convidados m\u00fasicas e m\u00fasicos que foram alvo de apoio Iberm\u00fasicas em edi\u00e7\u00f5es recentes dos nossos concursos e linhas de apoio.<\/p>\n<p>O convite consistiu em que cada um propusesse uma lista de 50 can\u00e7\u00f5es de artistas musicais do seu pr\u00f3prio pa\u00eds em torno do conceito de \u201cFronteiras\u201d, abordando essa no\u00e7\u00e3o a partir de uma multiplicidade de perspetivas (fronteiras geogr\u00e1ficas, culturais, simb\u00f3licas, delimita\u00e7\u00f5es poss\u00edveis ou imagin\u00e1rias ou dissimuladas).<\/p>\n<p>Integram o Identidades Sonoras II<\/p>\n<p>&#8211; Florencia N\u00fa\u00f1ez (Uruguay)<br \/>\n&#8211; Barbarita Palacios (Argentina)<br \/>\n&#8211; Cristina Clara (Portugal)<br \/>\n&#8211; Javier Mar\u00edn (Venezuela)<br \/>\n&#8211; Marcos Sacramento (Brasil)<br \/>\n&#8211; Pepita Garc\u00eda Mir\u00f3 (Per\u00fa)<br \/>\n&#8211; Pascuala Ilabaca (Chile)<br \/>\n&#8211; Jennifer Hicks (Paraguay)<br \/>\n&#8211; Sofia Elena S\u00e1nchez Messier (Colombia)<br \/>\n&#8211; Carlos M\u00e9ndez (Panam\u00e1)<br \/>\n&#8211; Elena Zu\u00f1iga (Costa Rica)<br \/>\n&#8211; Iracema de Andrade (M\u00e9xico)<br \/>\n&#8211; Karmento (Espa\u00f1a)<br \/>\n&#8211; Carla Calasanz (Ecuador)<br \/>\n&#8211; Alejandro Falc\u00f3n (Cuba)<\/p>\n<p>Acesse a playlist\u00a0 <a href=\"http:\/\/staging.ibermusicas.org\/index.php\/playlist-pt\/\" target=\"_blank\" rel=\"noopener\">aqui<\/a><\/p>\n","protected":false},"excerpt":{"rendered":"<p>\u201cIdentidades Sonoras\u201d surge como um projeto que convida curadores e curadoras de cada um dos pa\u00edses que integram o Programa Iberm\u00fasicas a propor uma viagem pelos mapas musicais das suas na\u00e7\u00f5es a partir de uma vis\u00e3o autoral. Identificamo-nos na diversidade, na complexidade de um caleidosc\u00f3pio sonoro. Marcamos os nossos percursos num mapa desenhado com todas [&hellip;]<\/p>\n","protected":false},"author":7,"featured_media":22463,"comment_status":"closed","ping_status":"closed","sticky":false,"template":"","format":"standard","meta":{"footnotes":""},"categories":[218,220],"tags":[],"class_list":["post-22459","post","type-post","status-publish","format-standard","has-post-thumbnail","hentry","category-noticias-generales-pt","category-noticias-ibermusicas-pt"],"lang":"pt","translations":{"pt":22459},"pll_sync_post":[],"post_mailing_queue_ids":[],"_links":{"self":[{"href":"http:\/\/staging.ibermusicas.org\/index.php\/wp-json\/wp\/v2\/posts\/22459","targetHints":{"allow":["GET"]}}],"collection":[{"href":"http:\/\/staging.ibermusicas.org\/index.php\/wp-json\/wp\/v2\/posts"}],"about":[{"href":"http:\/\/staging.ibermusicas.org\/index.php\/wp-json\/wp\/v2\/types\/post"}],"author":[{"embeddable":true,"href":"http:\/\/staging.ibermusicas.org\/index.php\/wp-json\/wp\/v2\/users\/7"}],"replies":[{"embeddable":true,"href":"http:\/\/staging.ibermusicas.org\/index.php\/wp-json\/wp\/v2\/comments?post=22459"}],"version-history":[{"count":3,"href":"http:\/\/staging.ibermusicas.org\/index.php\/wp-json\/wp\/v2\/posts\/22459\/revisions"}],"predecessor-version":[{"id":22480,"href":"http:\/\/staging.ibermusicas.org\/index.php\/wp-json\/wp\/v2\/posts\/22459\/revisions\/22480"}],"wp:featuredmedia":[{"embeddable":true,"href":"http:\/\/staging.ibermusicas.org\/index.php\/wp-json\/wp\/v2\/media\/22463"}],"wp:attachment":[{"href":"http:\/\/staging.ibermusicas.org\/index.php\/wp-json\/wp\/v2\/media?parent=22459"}],"wp:term":[{"taxonomy":"category","embeddable":true,"href":"http:\/\/staging.ibermusicas.org\/index.php\/wp-json\/wp\/v2\/categories?post=22459"},{"taxonomy":"post_tag","embeddable":true,"href":"http:\/\/staging.ibermusicas.org\/index.php\/wp-json\/wp\/v2\/tags?post=22459"}],"curies":[{"name":"wp","href":"https:\/\/api.w.org\/{rel}","templated":true}]}}