{"id":22583,"date":"2025-06-02T13:14:00","date_gmt":"2025-06-02T13:14:00","guid":{"rendered":"http:\/\/staging.ibermusicas.org\/?p=22583"},"modified":"2025-06-02T13:14:00","modified_gmt":"2025-06-02T13:14:00","slug":"ibermusicas-abre-sus-convocatorias-2025","status":"publish","type":"post","link":"http:\/\/staging.ibermusicas.org\/index.php\/ibermusicas-abre-sus-convocatorias-2025\/","title":{"rendered":"Iberm\u00fasicas abre sus Convocatorias 2025"},"content":{"rendered":"<p>El Programa Iberm\u00fasicas presenta este a\u00f1o un amplio abanico de convocatorias y concursos para dar impulso a la enorme cantidad de proyectos musicales que, a\u00f1o a a\u00f1o, atraviesan fronteras en busca de nuevos desaf\u00edos, promoviendo el intercambio cultural, la integraci\u00f3n en la diversidad y el\u00a0<strong>fortalecimiento de una cultura de la paz a trav\u00e9s del arte y la cooperaci\u00f3n entre pa\u00edses.<\/strong><\/p>\n<p>Buscamos dinamizar y fortalecer el sector musical mediante pol\u00edticas p\u00fablicas de apoyo, fomentar la creaci\u00f3n musical en todas sus formas, sin distinciones de estilos, g\u00e9neros y tradiciones, promover la profesionalizaci\u00f3n, accesibilidad y la inclusi\u00f3n y fundamentalmente, democratizar el acceso a la cultura.<\/p>\n<p>\u00a1Invitamos a las y los agentes del sector musical a presentar proyectos que puedan generar un impacto positivo en cualquier lugar del mundo!<\/p>\n<p>Las propuestas para este ciclo de convocatorias son:<\/p>\n<p><a href=\"http:\/\/staging.ibermusicas.org\/index.php\/convocatorias\/\" target=\"_blank\" rel=\"noopener\"><strong>\u25cf Ayuda a la circulaci\u00f3n de profesionales de la m\u00fasica<\/strong><\/a><br \/>\nUna convocatoria pensada para llevar tu trabajo musical a cualquier lugar del mundo! Se pueden presentar proyectos que busquen la internacionalizaci\u00f3n tanto de espect\u00e1culos musicales como aquellos que promuevan los intercambios de creaci\u00f3n, de composici\u00f3n, de investigaci\u00f3n y de saberes. Teniendo en cuenta el alto costo de los pasajes internacionales, esta convocatoria est\u00e1 dise\u00f1ada con el fin de brindar ayudas econ\u00f3micas para la compra de pasajes a\u00e9reos, terrestres o fluviales.<\/p>\n<p><a href=\"http:\/\/staging.ibermusicas.org\/index.php\/convocatorias\/\" target=\"_blank\" rel=\"noopener\"><strong>\u25cf Ayuda a la programaci\u00f3n musical<\/strong><\/a><br \/>\nUna convocatoria destinada a programadores de festivales, ferias y mercados de m\u00fasica, salas de conciertos, escuelas de m\u00fasica, orquestas o coros, entre otros eventos y emprendimientos, que quieran invitar a profesionales de m\u00fasica para participar de sus proyectos. As\u00ed, un festival o un corredor cultural de festivales de m\u00fasica, por ejemplo, podr\u00e1 presentar una propuesta para invitar a participar en su programaci\u00f3n a artistas de distintos pa\u00edses; un sello discogr\u00e1fico podr\u00e1 convocar a bookers para la presentaci\u00f3n de sus bandas; una orquesta o varias orquestas asociadas podr\u00e1n candidatearse para invitar a una directora; una asociaci\u00f3n de instrumentistas podr\u00e1 invitar a un\/a luthier para brindar capacitaciones; entre otras tantas posibilidades. Vale recordar que esta l\u00ednea es para cubrir los gastos de transporte (a\u00e9reo, terrestre o fluvial).<\/p>\n<p><a href=\"http:\/\/staging.ibermusicas.org\/index.php\/convocatorias\/\" target=\"_blank\" rel=\"noopener\"><strong>\u25cf Ayuda a artistas e investigadores para residencias<\/strong><\/a><br \/>\nUna convocatoria abierta para desarrollar trabajos creativos o de investigaci\u00f3n junto a una instituci\u00f3n o grupo musical anfitri\u00f3n. En este sentido, esta convocatoria se abre no s\u00f3lo a compositores o grupos musicales sino tambi\u00e9n a investigadores, para realizar proyectos en cualquier parte del mundo. La duraci\u00f3n de las residencias deber\u00e1 contemplar un m\u00ednimo de tres semanas.<\/p>\n<p><a href=\"http:\/\/staging.ibermusicas.org\/index.php\/convocatorias\/\" target=\"_blank\" rel=\"noopener\"><strong>\u25cf Ayuda a instituciones para residencias<\/strong><\/a><br \/>\nUna convocatoria para que instituciones -p\u00fablicas o privadas-, organismos o agrupaciones cuenten con la posibilidad de invitar a compositoras, compositores, directoras y directores o investigadoras e investigadores de todo el mundo a realizar trabajos de creaci\u00f3n o de investigaci\u00f3n en residencia durante un plazo m\u00ednimo de tres semanas.<\/p>\n<p><a href=\"http:\/\/staging.ibermusicas.org\/index.php\/convocatorias\/\" target=\"_blank\" rel=\"noopener\"><strong>\u25cf Ayuda a la especializaci\u00f3n y el perfeccionamiento art\u00edstico y t\u00e9cnico<\/strong><\/a><br \/>\nUna convocatoria que brinda la oportunidad de realizar estudios avanzados en todos los \u00e1mbitos del saber y el quehacer musical en cualquier parte del mundo. Este proceso puede ser llevado a cabo tanto dentro del \u00e1mbito institucional como de forma particular con grandes maestras y maestros de la cultura popular. El apoyo financiero de Iberm\u00fasicas se puede aplicar a todos los costos propios de un proceso de especializaci\u00f3n.<\/p>\n<p><a href=\"http:\/\/staging.ibermusicas.org\/index.php\/convocatorias\/\" target=\"_blank\" rel=\"noopener\"><strong>\u25cf Ayuda a proyectos virtuales<\/strong><\/a><br \/>\nPresentamos una convocatoria destinada a la realizaci\u00f3n de proyectos musicales que utilicen las herramientas virtuales como plataforma: grabaci\u00f3n de \u00e1lbumes, creaci\u00f3n de videoclips, shows en streaming, colaboraciones virtuales, video conferencias, talleres virtuales, podcasts y mucho m\u00e1s.<\/p>\n<p><a href=\"http:\/\/staging.ibermusicas.org\/index.php\/convocatorias\/\" target=\"_blank\" rel=\"noopener\"><strong>\u25cf Ayuda a la promoci\u00f3n del repertorio iberoamericano<\/strong><\/a><br \/>\nUna nueva propuesta de Iberm\u00fasicas destinada a orquestas, coros, ensambles, entre otros para promover una mayor visibilidad de la m\u00fasica creada por compositoras y compositores iberoamericanos. Se financiar\u00e1 la grabaci\u00f3n en alta calidad de la interpretaci\u00f3n de, como m\u00ednimo, una obra musical incluida en el \u201cCat\u00e1logo Iberoamericano de Partituras\u201d disponible en la p\u00e1gina web de Iberm\u00fasicas. La convocatoria es una invitaci\u00f3n a adentrarse en el enorme acervo de m\u00fasica escrita que refleja el gran caudal creativo de la regi\u00f3n iberoamericana.<\/p>\n<p><a href=\"http:\/\/staging.ibermusicas.org\/index.php\/convocatorias\/\" target=\"_blank\" rel=\"noopener\"><strong>\u25cf Premio Iberm\u00fasicas de canci\u00f3n para las infancias<\/strong><\/a><br \/>\nEl ya cl\u00e1sico Concurso de Creaci\u00f3n de Canci\u00f3n en Colaboraci\u00f3n, en donde creadoras y creadores de la regi\u00f3n componen en dupla creativa, tendr\u00e1 nuevamente un enfoque orientado especialmente hacia las canciones para las infancias, \u00e1mbito en el cual la canci\u00f3n iberoamericana tiene una gran relevancia. Entendiendo la infancia como el tiempo del descubrimiento, del deslumbre, de la sorpresa y la maravilla del mundo, Iberm\u00fasicas sugiere la tem\u00e1tica de \u201cMigraci\u00f3n y Diversidades\u201d y la posibilidad de crear letras en todas las lenguas de los pa\u00edses iberoamericanos, invitando a explorar tambi\u00e9n las lenguas nativas.<\/p>\n<p><a href=\"http:\/\/staging.ibermusicas.org\/index.php\/convocatorias\/\" target=\"_blank\" rel=\"noopener\"><strong>\u25cf Premio Iberm\u00fasicas de composici\u00f3n de obra para Banda Sinf\u00f3nica<\/strong><\/a><br \/>\nIberm\u00fasicas propone una nueva edici\u00f3n de sus concursos de creaci\u00f3n de obra acad\u00e9mica, en este caso orientado espec\u00edficamente hacia la creaci\u00f3n de nuevas obras para Banda Sinf\u00f3nica, las cuales ser\u00e1n estrenadas por elencos nacionales de primer nivel de Colombia, Costa Rica, Cuba, M\u00e9xico y Venezuela.<\/p>\n<p><a href=\"http:\/\/staging.ibermusicas.org\/index.php\/convocatorias\/\" target=\"_blank\" rel=\"noopener\"><strong>\u25cf Convocatoria especial Iberm\u00fasicas \u2013 Mid Atlantic Arts<\/strong><\/a><br \/>\nEn busca de promover el di\u00e1logo intercultural entre artistas musicales de Iberoam\u00e9rica y de los Estados Unidos, se ofrece esta convocatoria en colaboraci\u00f3n entre Iberm\u00fasicas y Mid Atlantic Arts para prestar ayudas a la circulaci\u00f3n de artistas de Iberoam\u00e9rica en Estados Unidos. Conscientes de la incidencia que conlleva el costo y la tramitaci\u00f3n de las visas de trabajo en los proyectos que promueven la circulaci\u00f3n de artistas en Estados Unidos, Iberm\u00fasicas se aboca en la presente convocatoria a prestar asistencia espec\u00edficamente en este rubro. A su vez, Mid Atlantic Arts apoyar\u00e1 a los proyectos seleccionados a trav\u00e9s de la ayuda financiera a las instituciones anfitrionas de los conciertos para la gesti\u00f3n de los contratos art\u00edsticos.<\/p>\n<p><a href=\"http:\/\/staging.ibermusicas.org\/index.php\/convocatorias\/\" target=\"_blank\" rel=\"noopener\"><strong>\u25cf Convocatoria especial Iberm\u00fasicas \u2013 Emilia-Romagna<br \/>\n<\/strong><\/a>Con la misi\u00f3n de promover el di\u00e1logo intercultural entre artistas musicales de Iberoam\u00e9rica e Italia, se lanza una convocatoria especial fruto de la colaboraci\u00f3n entre Iberm\u00fasicas y Emilia-Romagna, a trav\u00e9s de la Fundaci\u00f3n ATER en el marco de las actividades de Exportaci\u00f3n Musical en colaboraci\u00f3n con Emilia-Romagna Music Commission. Es una propuesta colaborativa que permite a una productora o instituci\u00f3n, presentar proyectos en los que las y los artistas participantes asuman, de forma alternada, los roles de residentes e invitados. Los programas de conciertos ser\u00e1n dise\u00f1ados de manera conjunta, promoviendo colaboraciones en vivo, la interpretaci\u00f3n de repertorios fusionados y la creaci\u00f3n de nuevas obras que reflejen la riqueza y diversidad cultural de ambas regiones, fortaleciendo v\u00ednculos art\u00edsticos a largo plazo.<\/p>\n<p><a href=\"http:\/\/staging.ibermusicas.org\/index.php\/convocatorias\/\" target=\"_blank\" rel=\"noopener\"><strong>\u25cf Viajes por la M\u00fasica de la Lusofon\u00eda<\/strong><\/a><br \/>\nPor segunda vez, proponemos una l\u00ednea de apoyo destinada a ciudadanas y ciudadanos de la Comunidad de Pa\u00edses de Lengua Portuguesa localizados en \u00c1frica (Angola, Cabo Verde, Guinea-Bissau, Guinea Ecuatorial, Mozambique, Santo Tom\u00e9 y Pr\u00edncipe) y en Asia (Timor Oriental). Por iniciativa de Brasil y de Portugal, la l\u00ednea de apoyo fue creada para facilitar la circulaci\u00f3n de artistas y agentes musicales de estos pa\u00edses por la regi\u00f3n Iberoamericana. Una convocatoria que tiene por objetivo resaltar los lazos que surgen de la diversidad musical de los pa\u00edses de lengua oficial portuguesa, a fin de construir puentes de cultura y cooperaci\u00f3n entre Am\u00e9rica Latina, Europa, \u00c1frica y el Sudeste Asi\u00e1tico. De car\u00e1cter multilateral y pluricontinental, esta iniciativa propone reducir las distancias f\u00edsicas y acercar a sus pueblos.<\/p>\n<p><a href=\"http:\/\/staging.ibermusicas.org\/index.php\/convocatorias\/\" target=\"_blank\" rel=\"noopener\"><strong>\u25cf Premio Brasil &#8211; Iberm\u00fasicas<\/strong><\/a><br \/>\nCon el \u00e1nimo de reconocer el m\u00e9rito de iniciativas, organizaciones o empresas que, de forma sostenida a lo largo de los a\u00f1os, han contribuido a la proyecci\u00f3n internacional de la m\u00fasica brasile\u00f1a en el espacio iberoamericano y en todo el mundo, se propone esta convocatoria, especialmente creada por Brasil.<\/p>\n<p><a href=\"http:\/\/staging.ibermusicas.org\/index.php\/convocatorias\/\" target=\"_blank\" rel=\"noopener\"><strong>\u25cf Premio Per\u00fa &#8211; Iberm\u00fasicas &#8211; Celebrando al Caj\u00f3n Peruano y a la Percusi\u00f3n Afro Peruana<\/strong><\/a><br \/>\nEl Ministerio de Cultura del Per\u00fa propone un concurso especial en el marco de la celebraci\u00f3n del \u201cCaj\u00f3n Peruano\u201d a realizarse en 2026 con el fin de amplificar el di\u00e1logo internacional en torno al caj\u00f3n peruano y la percusi\u00f3n afro peruana, incentivando una reflexi\u00f3n sobre este instrumento que desde las costas del Per\u00fa, se esparci\u00f3 lejanamente, haci\u00e9ndose parte de la sonoridad de muchas m\u00fasicas del mundo. Se invitar\u00e1 a artistas e investigadoras\/es a presentar sus proyectos a trav\u00e9s de \u201cIberm\u00fasicas Global\u201d, una nueva herramienta del Programa Iberm\u00fasicas que tiene por objeto propiciar el encuentro entre propuestas art\u00edsticas y festivales de todo el mundo.<\/p>\n<p>* * *<\/p>\n<p>A partir de este 2 de junio est\u00e1n disponibles las bases de todos los concursos en la web de Iberm\u00fasicas. El per\u00edodo de aplicaci\u00f3n se abrir\u00e1 a partir del 16 de junio.\u00a0<strong>Las convocatorias permanecer\u00e1n abiertas hasta el d\u00eda 1ero de octubre, excepto por la convocatoria en sinergia Iberm\u00fasicas-Mid Atlantic Arts cuyo per\u00edodo de inscripci\u00f3n finaliza el 15 de septiembre.<\/strong>\u00a0Los proyectos seleccionados ser\u00e1n anunciados el d\u00eda 28 de noviembre.<\/p>\n<p>Adem\u00e1s, en breve estaremos lanzando una herramienta digital que har\u00e1 posible el encuentro entre creadores, gestores y escenarios de distintos rincones del planeta, abriendo caminos para que nuestras m\u00fasicas circulen, suenen y resuenen m\u00e1s all\u00e1 de nuestras fronteras. Iberm\u00fasicas Global, el instrumento que nos une.<\/p>\n<p>Bienvenidas y bienvenidos a una nueva edici\u00f3n de las convocatorias y concursos de Iberm\u00fasicas, que se abren a nuevas propuestas y nuevos desaf\u00edos para que el mundo suene mejor.<\/p>\n","protected":false},"excerpt":{"rendered":"<p>El Programa Iberm\u00fasicas presenta este a\u00f1o un amplio abanico de convocatorias y concursos para dar impulso a la enorme cantidad de proyectos musicales que, a\u00f1o a a\u00f1o, atraviesan fronteras en busca de nuevos desaf\u00edos, promoviendo el intercambio cultural, la integraci\u00f3n en la diversidad y el\u00a0fortalecimiento de una cultura de la paz a trav\u00e9s del arte [&hellip;]<\/p>\n","protected":false},"author":7,"featured_media":22584,"comment_status":"closed","ping_status":"closed","sticky":false,"template":"","format":"standard","meta":{"footnotes":""},"categories":[53,52],"tags":[],"class_list":["post-22583","post","type-post","status-publish","format-standard","has-post-thumbnail","hentry","category-noticias-generales","category-noticias-ibermusicas"],"lang":"es","translations":{"es":22583},"pll_sync_post":[],"post_mailing_queue_ids":[],"_links":{"self":[{"href":"http:\/\/staging.ibermusicas.org\/index.php\/wp-json\/wp\/v2\/posts\/22583","targetHints":{"allow":["GET"]}}],"collection":[{"href":"http:\/\/staging.ibermusicas.org\/index.php\/wp-json\/wp\/v2\/posts"}],"about":[{"href":"http:\/\/staging.ibermusicas.org\/index.php\/wp-json\/wp\/v2\/types\/post"}],"author":[{"embeddable":true,"href":"http:\/\/staging.ibermusicas.org\/index.php\/wp-json\/wp\/v2\/users\/7"}],"replies":[{"embeddable":true,"href":"http:\/\/staging.ibermusicas.org\/index.php\/wp-json\/wp\/v2\/comments?post=22583"}],"version-history":[{"count":2,"href":"http:\/\/staging.ibermusicas.org\/index.php\/wp-json\/wp\/v2\/posts\/22583\/revisions"}],"predecessor-version":[{"id":22596,"href":"http:\/\/staging.ibermusicas.org\/index.php\/wp-json\/wp\/v2\/posts\/22583\/revisions\/22596"}],"wp:featuredmedia":[{"embeddable":true,"href":"http:\/\/staging.ibermusicas.org\/index.php\/wp-json\/wp\/v2\/media\/22584"}],"wp:attachment":[{"href":"http:\/\/staging.ibermusicas.org\/index.php\/wp-json\/wp\/v2\/media?parent=22583"}],"wp:term":[{"taxonomy":"category","embeddable":true,"href":"http:\/\/staging.ibermusicas.org\/index.php\/wp-json\/wp\/v2\/categories?post=22583"},{"taxonomy":"post_tag","embeddable":true,"href":"http:\/\/staging.ibermusicas.org\/index.php\/wp-json\/wp\/v2\/tags?post=22583"}],"curies":[{"name":"wp","href":"https:\/\/api.w.org\/{rel}","templated":true}]}}