{"id":22589,"date":"2025-06-02T13:13:54","date_gmt":"2025-06-02T13:13:54","guid":{"rendered":"http:\/\/staging.ibermusicas.org\/?p=22589"},"modified":"2025-06-02T13:13:54","modified_gmt":"2025-06-02T13:13:54","slug":"ibermusicas-e-emilia-romagna-uma-ponte-musical-entre-a-america-latina-e-a-italia","status":"publish","type":"post","link":"http:\/\/staging.ibermusicas.org\/index.php\/ibermusicas-e-emilia-romagna-uma-ponte-musical-entre-a-america-latina-e-a-italia\/","title":{"rendered":"Iberm\u00fasicas e Emilia-Romagna: Uma Ponte Musical entre a Am\u00e9rica Latina e a It\u00e1lia"},"content":{"rendered":"<p>Como parte de seu compromisso com a expans\u00e3o de acordos extra-regionais, e seguindo os passos de colabora\u00e7\u00f5es anteriores com a Mid-Atlantic Arts e a Comunidade dos Pa\u00edses de L\u00edngua Portuguesa, o Programa Iberm\u00fasicas inaugura um novo cap\u00edtulo de coopera\u00e7\u00e3o com a regi\u00e3o de Emilia-Romagna. Assim, abre-se um horizonte comum cujo objetivo \u00e9 construir uma ponte criativa entre artistas da Ibero-Am\u00e9rica e da It\u00e1lia.<\/p>\n<p>Emilia-Romagna, regi\u00e3o do norte da It\u00e1lia que se estende dos Apeninos ao rio P\u00f3, com Bolonha como capital, abrange um territ\u00f3rio profundamente marcado pela cultura: Plas\u00eancia, Parma, Reggio Emilia, Modena, Ferrara, Ravenna, Rimini e Forl\u00ec-Cesena, todos nomes que ressoam com hist\u00f3ria, arte e m\u00fasica.<\/p>\n<p>Como primeira a\u00e7\u00e3o desta alian\u00e7a, \u00e9 lan\u00e7ada uma convocat\u00f3ria especial destinada a apoiar projetos binacionais que enrique\u00e7am as cenas musicais locais, expandam a proje\u00e7\u00e3o internacional dos artistas e fortale\u00e7am os tecidos criativos de ambos os lados.<\/p>\n<p>A proposta baseia-se num modelo de interc\u00e2mbio rec\u00edproco: artistas da Emilia-Romagna poder\u00e3o convidar artistas dos pa\u00edses Ibero-Americanos que integram o Programa Iberm\u00fasicas e, por sua vez, ser\u00e3o depois recebidos nesses respectivos pa\u00edses. Desta forma, ser\u00e1 constru\u00eddo um verdadeiro di\u00e1logo art\u00edstico e intercultural, promovendo a coopera\u00e7\u00e3o por via da m\u00fasica.<\/p>\n","protected":false},"excerpt":{"rendered":"<p>Como parte de seu compromisso com a expans\u00e3o de acordos extra-regionais, e seguindo os passos de colabora\u00e7\u00f5es anteriores com a Mid-Atlantic Arts e a Comunidade dos Pa\u00edses de L\u00edngua Portuguesa, o Programa Iberm\u00fasicas inaugura um novo cap\u00edtulo de coopera\u00e7\u00e3o com a regi\u00e3o de Emilia-Romagna. Assim, abre-se um horizonte comum cujo objetivo \u00e9 construir uma ponte [&hellip;]<\/p>\n","protected":false},"author":7,"featured_media":22590,"comment_status":"closed","ping_status":"closed","sticky":false,"template":"","format":"standard","meta":{"footnotes":""},"categories":[218,220],"tags":[],"class_list":["post-22589","post","type-post","status-publish","format-standard","has-post-thumbnail","hentry","category-noticias-generales-pt","category-noticias-ibermusicas-pt"],"lang":"pt","translations":{"pt":22589},"pll_sync_post":[],"post_mailing_queue_ids":[],"_links":{"self":[{"href":"http:\/\/staging.ibermusicas.org\/index.php\/wp-json\/wp\/v2\/posts\/22589","targetHints":{"allow":["GET"]}}],"collection":[{"href":"http:\/\/staging.ibermusicas.org\/index.php\/wp-json\/wp\/v2\/posts"}],"about":[{"href":"http:\/\/staging.ibermusicas.org\/index.php\/wp-json\/wp\/v2\/types\/post"}],"author":[{"embeddable":true,"href":"http:\/\/staging.ibermusicas.org\/index.php\/wp-json\/wp\/v2\/users\/7"}],"replies":[{"embeddable":true,"href":"http:\/\/staging.ibermusicas.org\/index.php\/wp-json\/wp\/v2\/comments?post=22589"}],"version-history":[{"count":2,"href":"http:\/\/staging.ibermusicas.org\/index.php\/wp-json\/wp\/v2\/posts\/22589\/revisions"}],"predecessor-version":[{"id":22592,"href":"http:\/\/staging.ibermusicas.org\/index.php\/wp-json\/wp\/v2\/posts\/22589\/revisions\/22592"}],"wp:featuredmedia":[{"embeddable":true,"href":"http:\/\/staging.ibermusicas.org\/index.php\/wp-json\/wp\/v2\/media\/22590"}],"wp:attachment":[{"href":"http:\/\/staging.ibermusicas.org\/index.php\/wp-json\/wp\/v2\/media?parent=22589"}],"wp:term":[{"taxonomy":"category","embeddable":true,"href":"http:\/\/staging.ibermusicas.org\/index.php\/wp-json\/wp\/v2\/categories?post=22589"},{"taxonomy":"post_tag","embeddable":true,"href":"http:\/\/staging.ibermusicas.org\/index.php\/wp-json\/wp\/v2\/tags?post=22589"}],"curies":[{"name":"wp","href":"https:\/\/api.w.org\/{rel}","templated":true}]}}