{"id":22595,"date":"2025-06-02T13:14:14","date_gmt":"2025-06-02T13:14:14","guid":{"rendered":"http:\/\/staging.ibermusicas.org\/?p=22595"},"modified":"2025-06-02T13:14:14","modified_gmt":"2025-06-02T13:14:14","slug":"ibermusicas-y-emilia-romagna-un-puente-musical-entre-iberoamerica-e-italia","status":"publish","type":"post","link":"http:\/\/staging.ibermusicas.org\/index.php\/ibermusicas-y-emilia-romagna-un-puente-musical-entre-iberoamerica-e-italia\/","title":{"rendered":"Iberm\u00fasicas y Emilia-Romagna: Un Puente Musical entre Iberoam\u00e9rica e Italia"},"content":{"rendered":"<p>Como parte de su compromiso con la expansi\u00f3n de acuerdos extra-regionales, y siguiendo la estela de colaboraciones previas con Mid-Atlantic Arts y la Comunidade dos Pa\u00edses de L\u00edngua Portuguesa, Iberm\u00fasicas inaugura un nuevo cap\u00edtulo de cooperaci\u00f3n junto a la regi\u00f3n de Emilia-Romagna. Se abre as\u00ed un horizonte compartido cuyo prop\u00f3sito es tender un puente creativo entre artistas de Iberoam\u00e9rica e Italia.<\/p>\n<p>Emilia-Romagna, regi\u00f3n del norte de Italia que se extiende desde los montes Apeninos hasta el r\u00edo Po, con Bolonia como su capital, abraza un territorio profundamente marcado por la cultura: Plasencia, Parma, Reggio Emilia, M\u00f3dena, Ferrara, R\u00e1vena, R\u00edmini y Forl\u00ec-Cesena, todos nombres que resuenan con historia, arte y m\u00fasica.<\/p>\n<p>Como primera acci\u00f3n de esta alianza, se lanza una convocatoria especial destinada a apoyar proyectos binacionales que enriquezcan las escenas musicales locales, expandan la proyecci\u00f3n internacional de las y los artistas, y fortalezcan los tejidos creativos de ambas orillas.<\/p>\n<p>La propuesta se basa en un modelo de intercambio rec\u00edproco: artistas de Emilia-Romagna podr\u00e1n invitar a artistas provenientes de los pa\u00edses iberoamericanos que integran el Programa Iberm\u00fasicas, y, a su vez, ser\u00e1n recibidos en sus respectivos pa\u00edses. De este modo, se construir\u00e1 un verdadero di\u00e1logo art\u00edstico e intercultural, promoviendo la cooperaci\u00f3n a trav\u00e9s de la m\u00fasica.<\/p>\n","protected":false},"excerpt":{"rendered":"<p>Como parte de su compromiso con la expansi\u00f3n de acuerdos extra-regionales, y siguiendo la estela de colaboraciones previas con Mid-Atlantic Arts y la Comunidade dos Pa\u00edses de L\u00edngua Portuguesa, Iberm\u00fasicas inaugura un nuevo cap\u00edtulo de cooperaci\u00f3n junto a la regi\u00f3n de Emilia-Romagna. Se abre as\u00ed un horizonte compartido cuyo prop\u00f3sito es tender un puente creativo [&hellip;]<\/p>\n","protected":false},"author":7,"featured_media":22590,"comment_status":"closed","ping_status":"closed","sticky":false,"template":"","format":"standard","meta":{"footnotes":""},"categories":[53,52],"tags":[],"class_list":["post-22595","post","type-post","status-publish","format-standard","has-post-thumbnail","hentry","category-noticias-generales","category-noticias-ibermusicas"],"lang":"es","translations":{"es":22595},"pll_sync_post":[],"post_mailing_queue_ids":[],"_links":{"self":[{"href":"http:\/\/staging.ibermusicas.org\/index.php\/wp-json\/wp\/v2\/posts\/22595","targetHints":{"allow":["GET"]}}],"collection":[{"href":"http:\/\/staging.ibermusicas.org\/index.php\/wp-json\/wp\/v2\/posts"}],"about":[{"href":"http:\/\/staging.ibermusicas.org\/index.php\/wp-json\/wp\/v2\/types\/post"}],"author":[{"embeddable":true,"href":"http:\/\/staging.ibermusicas.org\/index.php\/wp-json\/wp\/v2\/users\/7"}],"replies":[{"embeddable":true,"href":"http:\/\/staging.ibermusicas.org\/index.php\/wp-json\/wp\/v2\/comments?post=22595"}],"version-history":[{"count":1,"href":"http:\/\/staging.ibermusicas.org\/index.php\/wp-json\/wp\/v2\/posts\/22595\/revisions"}],"predecessor-version":[{"id":22600,"href":"http:\/\/staging.ibermusicas.org\/index.php\/wp-json\/wp\/v2\/posts\/22595\/revisions\/22600"}],"wp:featuredmedia":[{"embeddable":true,"href":"http:\/\/staging.ibermusicas.org\/index.php\/wp-json\/wp\/v2\/media\/22590"}],"wp:attachment":[{"href":"http:\/\/staging.ibermusicas.org\/index.php\/wp-json\/wp\/v2\/media?parent=22595"}],"wp:term":[{"taxonomy":"category","embeddable":true,"href":"http:\/\/staging.ibermusicas.org\/index.php\/wp-json\/wp\/v2\/categories?post=22595"},{"taxonomy":"post_tag","embeddable":true,"href":"http:\/\/staging.ibermusicas.org\/index.php\/wp-json\/wp\/v2\/tags?post=22595"}],"curies":[{"name":"wp","href":"https:\/\/api.w.org\/{rel}","templated":true}]}}