{"id":22616,"date":"2025-06-03T15:53:29","date_gmt":"2025-06-03T15:53:29","guid":{"rendered":"http:\/\/staging.ibermusicas.org\/?p=22616"},"modified":"2025-06-03T15:53:29","modified_gmt":"2025-06-03T15:53:29","slug":"hoy-recomendamos-la-playlist-penillanura-levemente-ondulada-creada-por-florencia-nunez-de-uruguay-para-identidades-sonoras-ii","status":"publish","type":"post","link":"http:\/\/staging.ibermusicas.org\/index.php\/hoy-recomendamos-la-playlist-penillanura-levemente-ondulada-creada-por-florencia-nunez-de-uruguay-para-identidades-sonoras-ii\/","title":{"rendered":"Hoy recomendamos la playlist \u201cPenillanura levemente ondulada\u201d creada por Florencia N\u00fa\u00f1ez de Uruguay para Identidades Sonoras II\u00a0\u00a0\u00a0\u00a0\u00a0\u00a0"},"content":{"rendered":"<p><em>La m\u00fasica de frontera podr\u00eda perfectamente ser toda la m\u00fasica. Aqu\u00ed nada es 100% puro. La m\u00fasica uruguaya no es la excepci\u00f3n. Es un cruce constante entre territorios, identidades e idiomas donde pasado, presente y futuro pueden verse siempre reflejados en lo que est\u00e1 sonando.<\/em><\/p>\n<p><strong>\u00a0<\/strong><\/p>\n<p>Florencia Nu\u0301n\u0303ez es cantante y compositora uruguaya. Su mu\u0301sica abarca el pop luminoso y optimista con influencias del indie y el folk. Ha lanzado tres discos hasta ahora: Mesopotamia, Palabra cla\u0301sica, Porque Todas Las Quiero Cantar: un homenaje a la cancio\u0301n rochense, consolid\u00e1ndose como una de las voces m\u00e1s destacadas en la mu\u0301sica uruguaya.<\/p>\n<p>&nbsp;<\/p>\n<p>Para esta segunda edici\u00f3n han sido convocadas y convocados m\u00fasicas y m\u00fasicos que han recibido premios de Iberm\u00fasicas en recientes ediciones de nuestros concursos y l\u00edneas de ayuda.<\/p>\n<p>&nbsp;<\/p>\n<p>La invitaci\u00f3n consisti\u00f3 en que cada una y cada uno propusiera una lista de 50 canciones de artistas musicales de su propio pa\u00eds en torno al concepto de \u00abFronteras\u00bb,abordando esta noci\u00f3n desde una multiplicidad de perspectivas (fronteras geogr\u00e0ficas, culturales, simb\u00f3licas, delimitaciones posibles o imaginadas o invisibilizadas).<\/p>\n<p>&nbsp;<\/p>\n<p>Escuchar en: <a href=\"https:\/\/open.spotify.com\/playlist\/0t37OJcolTlulgsSEnZ8cV?si=689e8734efb342af\">https:\/\/open.spotify.com\/playlist\/0t37OJcolTlulgsSEnZ8cV?si=689e8734efb342af<\/a><\/p>\n","protected":false},"excerpt":{"rendered":"<p>La m\u00fasica de frontera podr\u00eda perfectamente ser toda la m\u00fasica. Aqu\u00ed nada es 100% puro. La m\u00fasica uruguaya no es la excepci\u00f3n. Es un cruce constante entre territorios, identidades e idiomas donde pasado, presente y futuro pueden verse siempre reflejados en lo que est\u00e1 sonando. \u00a0 Florencia Nu\u0301n\u0303ez es cantante y compositora uruguaya. Su mu\u0301sica [&hellip;]<\/p>\n","protected":false},"author":7,"featured_media":22617,"comment_status":"closed","ping_status":"closed","sticky":false,"template":"","format":"standard","meta":{"footnotes":""},"categories":[53,48],"tags":[],"class_list":["post-22616","post","type-post","status-publish","format-standard","has-post-thumbnail","hentry","category-noticias-generales","category-noticias-rotativas"],"lang":"es","translations":{"es":22616,"pt":22619},"pll_sync_post":[],"post_mailing_queue_ids":[],"_links":{"self":[{"href":"http:\/\/staging.ibermusicas.org\/index.php\/wp-json\/wp\/v2\/posts\/22616","targetHints":{"allow":["GET"]}}],"collection":[{"href":"http:\/\/staging.ibermusicas.org\/index.php\/wp-json\/wp\/v2\/posts"}],"about":[{"href":"http:\/\/staging.ibermusicas.org\/index.php\/wp-json\/wp\/v2\/types\/post"}],"author":[{"embeddable":true,"href":"http:\/\/staging.ibermusicas.org\/index.php\/wp-json\/wp\/v2\/users\/7"}],"replies":[{"embeddable":true,"href":"http:\/\/staging.ibermusicas.org\/index.php\/wp-json\/wp\/v2\/comments?post=22616"}],"version-history":[{"count":1,"href":"http:\/\/staging.ibermusicas.org\/index.php\/wp-json\/wp\/v2\/posts\/22616\/revisions"}],"predecessor-version":[{"id":22618,"href":"http:\/\/staging.ibermusicas.org\/index.php\/wp-json\/wp\/v2\/posts\/22616\/revisions\/22618"}],"wp:featuredmedia":[{"embeddable":true,"href":"http:\/\/staging.ibermusicas.org\/index.php\/wp-json\/wp\/v2\/media\/22617"}],"wp:attachment":[{"href":"http:\/\/staging.ibermusicas.org\/index.php\/wp-json\/wp\/v2\/media?parent=22616"}],"wp:term":[{"taxonomy":"category","embeddable":true,"href":"http:\/\/staging.ibermusicas.org\/index.php\/wp-json\/wp\/v2\/categories?post=22616"},{"taxonomy":"post_tag","embeddable":true,"href":"http:\/\/staging.ibermusicas.org\/index.php\/wp-json\/wp\/v2\/tags?post=22616"}],"curies":[{"name":"wp","href":"https:\/\/api.w.org\/{rel}","templated":true}]}}