{"id":22619,"date":"2025-06-03T15:54:42","date_gmt":"2025-06-03T15:54:42","guid":{"rendered":"http:\/\/staging.ibermusicas.org\/?p=22619"},"modified":"2025-06-03T15:54:42","modified_gmt":"2025-06-03T15:54:42","slug":"hoje-recomendamos-a-playlist-penillanura-levemente-ondulada-criada-por-florencia-nunez-do-uruguai-para-identidades-sonoras-ii","status":"publish","type":"post","link":"http:\/\/staging.ibermusicas.org\/index.php\/hoje-recomendamos-a-playlist-penillanura-levemente-ondulada-criada-por-florencia-nunez-do-uruguai-para-identidades-sonoras-ii\/","title":{"rendered":"Hoje recomendamos a playlist \u201cPenillanura levemente ondulada\u201d, criada por Florencia N\u00fa\u00f1ez, do Uruguai, para Identidades Sonoras II"},"content":{"rendered":"<p><em>A m\u00fasica da fronteira poderia muito bem ser toda a m\u00fasica. Nada aqui \u00e9 100% puro. A m\u00fasica uruguaia n\u00e3o \u00e9 exce\u00e7\u00e3o. \u00c9 um cruzamento constante entre territ\u00f3rios, identidades e idiomas, onde o passado, o presente e o futuro sempre se refletem no que est\u00e1 sendo tocado.<\/em><\/p>\n<p><strong>\u00a0<\/strong><\/p>\n<p>Florencia Nu\u0301n\u0303ez \u00e9 cantora e compositora uruguaia. Sua m\u00fasica engloba um pop luminoso e otimista com influ\u00eancias indie e folk. Lan\u00e7ou tr\u00eas \u00e1lbuns at\u00e9 o momento: \u201cMesopotamia\u201d, \u201cPalabra cl\u00e1sica\u201d e \u201cPorque Todas Las Quiero Cantar: un homenaje a la canci\u00f3n rochense\u201d, consolidando-se como uma das vozes mais marcantes da m\u00fasica uruguaia.<\/p>\n<p>&nbsp;<\/p>\n<p>Para esta segunda edi\u00e7\u00e3o, foram convidadas e convidados m\u00fasicas e m\u00fasicos que receberam pr\u00eamios da Iberm\u00fasicas em edi\u00e7\u00f5es recentes de nossos concursos e linhas de apoio.<\/p>\n<p>&nbsp;<\/p>\n<p>O convite consistiu em que cada um propusesse uma lista de 50 can\u00e7\u00f5es de artistas musicais de seu pr\u00f3prio pa\u00eds em torno do conceito de \u201cFronteiras\u201d, abordando essa no\u00e7\u00e3o a partir de uma multiplicidade de perspectivas (fronteiras geogr\u00e1ficas, culturais, simb\u00f3licas, delimita\u00e7\u00f5es poss\u00edveis ou imagin\u00e1rias ou invisibilizadas).<\/p>\n<p>&nbsp;<\/p>\n<p>Ouvir em: <a href=\"https:\/\/open.spotify.com\/playlist\/0t37OJcolTlulgsSEnZ8cV?si=689e8734efb342af\">https:\/\/open.spotify.com\/playlist\/0t37OJcolTlulgsSEnZ8cV?si=689e8734efb342af<\/a><\/p>\n","protected":false},"excerpt":{"rendered":"<p>A m\u00fasica da fronteira poderia muito bem ser toda a m\u00fasica. Nada aqui \u00e9 100% puro. A m\u00fasica uruguaia n\u00e3o \u00e9 exce\u00e7\u00e3o. \u00c9 um cruzamento constante entre territ\u00f3rios, identidades e idiomas, onde o passado, o presente e o futuro sempre se refletem no que est\u00e1 sendo tocado. \u00a0 Florencia Nu\u0301n\u0303ez \u00e9 cantora e compositora uruguaia. [&hellip;]<\/p>\n","protected":false},"author":7,"featured_media":22617,"comment_status":"closed","ping_status":"closed","sticky":false,"template":"","format":"standard","meta":{"footnotes":""},"categories":[218,222],"tags":[],"class_list":["post-22619","post","type-post","status-publish","format-standard","has-post-thumbnail","hentry","category-noticias-generales-pt","category-noticias-rotativas-pt"],"lang":"pt","translations":{"pt":22619,"es":22616},"pll_sync_post":[],"post_mailing_queue_ids":[],"_links":{"self":[{"href":"http:\/\/staging.ibermusicas.org\/index.php\/wp-json\/wp\/v2\/posts\/22619","targetHints":{"allow":["GET"]}}],"collection":[{"href":"http:\/\/staging.ibermusicas.org\/index.php\/wp-json\/wp\/v2\/posts"}],"about":[{"href":"http:\/\/staging.ibermusicas.org\/index.php\/wp-json\/wp\/v2\/types\/post"}],"author":[{"embeddable":true,"href":"http:\/\/staging.ibermusicas.org\/index.php\/wp-json\/wp\/v2\/users\/7"}],"replies":[{"embeddable":true,"href":"http:\/\/staging.ibermusicas.org\/index.php\/wp-json\/wp\/v2\/comments?post=22619"}],"version-history":[{"count":1,"href":"http:\/\/staging.ibermusicas.org\/index.php\/wp-json\/wp\/v2\/posts\/22619\/revisions"}],"predecessor-version":[{"id":22620,"href":"http:\/\/staging.ibermusicas.org\/index.php\/wp-json\/wp\/v2\/posts\/22619\/revisions\/22620"}],"wp:featuredmedia":[{"embeddable":true,"href":"http:\/\/staging.ibermusicas.org\/index.php\/wp-json\/wp\/v2\/media\/22617"}],"wp:attachment":[{"href":"http:\/\/staging.ibermusicas.org\/index.php\/wp-json\/wp\/v2\/media?parent=22619"}],"wp:term":[{"taxonomy":"category","embeddable":true,"href":"http:\/\/staging.ibermusicas.org\/index.php\/wp-json\/wp\/v2\/categories?post=22619"},{"taxonomy":"post_tag","embeddable":true,"href":"http:\/\/staging.ibermusicas.org\/index.php\/wp-json\/wp\/v2\/tags?post=22619"}],"curies":[{"name":"wp","href":"https:\/\/api.w.org\/{rel}","templated":true}]}}