{"id":22621,"date":"2025-06-03T16:41:44","date_gmt":"2025-06-03T16:41:44","guid":{"rendered":"http:\/\/staging.ibermusicas.org\/?p=22621"},"modified":"2025-06-03T16:41:44","modified_gmt":"2025-06-03T16:41:44","slug":"ibermusicas-presento-su-catalogo-iberoamericano-de-partituras-y-la-red-iberoamericana-de-orquestas-sinfonicas-en-classical-next","status":"publish","type":"post","link":"http:\/\/staging.ibermusicas.org\/index.php\/ibermusicas-presento-su-catalogo-iberoamericano-de-partituras-y-la-red-iberoamericana-de-orquestas-sinfonicas-en-classical-next\/","title":{"rendered":"Iberm\u00fasicas present\u00f3 su Cat\u00e1logo Iberoamericano de Partituras y la Red Iberoamericana de Orquestas Sinf\u00f3nicas en Classical Next"},"content":{"rendered":"<p>En la edici\u00f3n 2025 de Classical Next, realizada en Berl\u00edn, Alemania, Iberm\u00fasicas cont\u00f3 con un espacio exclusivo en el que fueron presentados el Cat\u00e1logo Iberoamericano de Partituras, la Red Iberoamericana de Orquestas Sinf\u00f3nicas y las l\u00edneas de ayudas y premios destinados al \u00e1mbito de las m\u00fasicas acad\u00e9micas. La exposici\u00f3n realizada por el Maestro Francisco Varela cont\u00f3 con una gran repercusi\u00f3n y despert\u00f3 un alto inter\u00e9s entre los\u00a0 presentes.<\/p>\n<p>&nbsp;<\/p>\n<p>Durante cuatro jornadas se realizaron fruct\u00edferas reuniones de intercambio con representaciones de institutos nacionales, centros de informaci\u00f3n musical, representantes de artistas, festivales musicales, asociaciones de\u00a0 sistemas de informaci\u00f3n musical, sociedades de conciertos, la asociaci\u00f3n de Festivales Europeos y diversos proveedores interesados en la regi\u00f3n iberoamericana.<\/p>\n<p>&nbsp;<\/p>\n<p>Posteriormente R\u00cdOS particip\u00f3 del Vig\u00e9simo Segundo Deutche Orchestertag, el mayor encuentro europeo dedicado a las orquestas profesionales, con la participaci\u00f3n de 300 orquestas de la regi\u00f3n, y actores del sector, generando nuevos v\u00ednculos que fortalecer\u00e1n la proyecci\u00f3n de la red y el intercambio de recursos.<\/p>\n","protected":false},"excerpt":{"rendered":"<p>En la edici\u00f3n 2025 de Classical Next, realizada en Berl\u00edn, Alemania, Iberm\u00fasicas cont\u00f3 con un espacio exclusivo en el que fueron presentados el Cat\u00e1logo Iberoamericano de Partituras, la Red Iberoamericana de Orquestas Sinf\u00f3nicas y las l\u00edneas de ayudas y premios destinados al \u00e1mbito de las m\u00fasicas acad\u00e9micas. La exposici\u00f3n realizada por el Maestro Francisco Varela [&hellip;]<\/p>\n","protected":false},"author":7,"featured_media":22623,"comment_status":"closed","ping_status":"closed","sticky":false,"template":"","format":"standard","meta":{"footnotes":""},"categories":[53,48],"tags":[],"class_list":["post-22621","post","type-post","status-publish","format-standard","has-post-thumbnail","hentry","category-noticias-generales","category-noticias-rotativas"],"lang":"es","translations":{"es":22621,"pt":22625},"pll_sync_post":[],"post_mailing_queue_ids":[],"_links":{"self":[{"href":"http:\/\/staging.ibermusicas.org\/index.php\/wp-json\/wp\/v2\/posts\/22621","targetHints":{"allow":["GET"]}}],"collection":[{"href":"http:\/\/staging.ibermusicas.org\/index.php\/wp-json\/wp\/v2\/posts"}],"about":[{"href":"http:\/\/staging.ibermusicas.org\/index.php\/wp-json\/wp\/v2\/types\/post"}],"author":[{"embeddable":true,"href":"http:\/\/staging.ibermusicas.org\/index.php\/wp-json\/wp\/v2\/users\/7"}],"replies":[{"embeddable":true,"href":"http:\/\/staging.ibermusicas.org\/index.php\/wp-json\/wp\/v2\/comments?post=22621"}],"version-history":[{"count":1,"href":"http:\/\/staging.ibermusicas.org\/index.php\/wp-json\/wp\/v2\/posts\/22621\/revisions"}],"predecessor-version":[{"id":22624,"href":"http:\/\/staging.ibermusicas.org\/index.php\/wp-json\/wp\/v2\/posts\/22621\/revisions\/22624"}],"wp:featuredmedia":[{"embeddable":true,"href":"http:\/\/staging.ibermusicas.org\/index.php\/wp-json\/wp\/v2\/media\/22623"}],"wp:attachment":[{"href":"http:\/\/staging.ibermusicas.org\/index.php\/wp-json\/wp\/v2\/media?parent=22621"}],"wp:term":[{"taxonomy":"category","embeddable":true,"href":"http:\/\/staging.ibermusicas.org\/index.php\/wp-json\/wp\/v2\/categories?post=22621"},{"taxonomy":"post_tag","embeddable":true,"href":"http:\/\/staging.ibermusicas.org\/index.php\/wp-json\/wp\/v2\/tags?post=22621"}],"curies":[{"name":"wp","href":"https:\/\/api.w.org\/{rel}","templated":true}]}}