{"id":22625,"date":"2025-06-03T16:42:59","date_gmt":"2025-06-03T16:42:59","guid":{"rendered":"http:\/\/staging.ibermusicas.org\/?p=22625"},"modified":"2025-06-03T16:42:59","modified_gmt":"2025-06-03T16:42:59","slug":"o-programa-ibermusicas-apresentou-o-seu-catalogo-ibero-americano-de-partituras-e-a-rede-ibero-americana-de-orquestras-sinfonicas-no-classical-next","status":"publish","type":"post","link":"http:\/\/staging.ibermusicas.org\/index.php\/o-programa-ibermusicas-apresentou-o-seu-catalogo-ibero-americano-de-partituras-e-a-rede-ibero-americana-de-orquestras-sinfonicas-no-classical-next\/","title":{"rendered":"O Programa Iberm\u00fasicas apresentou o seu Cat\u00e1logo Ibero-Americano de Partituras e a Rede Ibero-Americana de Orquestras Sinf\u00f3nicas no Classical Next"},"content":{"rendered":"<p>Na edi\u00e7\u00e3o de 2025 do Classical Next, realizada em Berlim, Alemanha, o Programa Iberm\u00fasicas contou com um espa\u00e7o exclusivo onde foram apresentados o Cat\u00e1logo Ibero-Americano de Partituras e a Rede Ibero-Americana de Orquestras Sinf\u00f3nica, bem como as linhas de apoio e pr\u00e9mios destinados ao \u00e2mbito da m\u00fasica acad\u00e9mica. A exposi\u00e7\u00e3o realizada pelo Maestro Francisco Varela teve grande repercuss\u00e3o e despertou grande interesse entre os presentes.<\/p>\n<p>Durante quatro dias, foram realizadas reuni\u00f5es frut\u00edferas de interc\u00e2mbio com representantes de institutos nacionais, centros de informa\u00e7\u00e3o musical, representantes de artistas, festivais musicais, associa\u00e7\u00f5es de sistemas de informa\u00e7\u00e3o musical, sociedades de concertos, a associa\u00e7\u00e3o de Festivais Europeus e diversos fornecedores interessados na regi\u00e3o ibero-americana.<\/p>\n<p>Posteriormente, a R\u00cdOS participou do Vig\u00e9simo Segundo Deutche Orchestertag, o maior encontro europeu dedicado \u00e0s orquestras profissionais, com a participa\u00e7\u00e3o de 300 orquestras da regi\u00e3o e atores do setor, gerando novos v\u00ednculos que fortalecer\u00e3o a proje\u00e7\u00e3o da rede e o interc\u00e2mbio de recursos.<\/p>\n","protected":false},"excerpt":{"rendered":"<p>Na edi\u00e7\u00e3o de 2025 do Classical Next, realizada em Berlim, Alemanha, o Programa Iberm\u00fasicas contou com um espa\u00e7o exclusivo onde foram apresentados o Cat\u00e1logo Ibero-Americano de Partituras e a Rede Ibero-Americana de Orquestras Sinf\u00f3nica, bem como as linhas de apoio e pr\u00e9mios destinados ao \u00e2mbito da m\u00fasica acad\u00e9mica. A exposi\u00e7\u00e3o realizada pelo Maestro Francisco Varela [&hellip;]<\/p>\n","protected":false},"author":7,"featured_media":22623,"comment_status":"closed","ping_status":"closed","sticky":false,"template":"","format":"standard","meta":{"footnotes":""},"categories":[218,222],"tags":[],"class_list":["post-22625","post","type-post","status-publish","format-standard","has-post-thumbnail","hentry","category-noticias-generales-pt","category-noticias-rotativas-pt"],"lang":"pt","translations":{"pt":22625,"es":22621},"pll_sync_post":[],"post_mailing_queue_ids":[],"_links":{"self":[{"href":"http:\/\/staging.ibermusicas.org\/index.php\/wp-json\/wp\/v2\/posts\/22625","targetHints":{"allow":["GET"]}}],"collection":[{"href":"http:\/\/staging.ibermusicas.org\/index.php\/wp-json\/wp\/v2\/posts"}],"about":[{"href":"http:\/\/staging.ibermusicas.org\/index.php\/wp-json\/wp\/v2\/types\/post"}],"author":[{"embeddable":true,"href":"http:\/\/staging.ibermusicas.org\/index.php\/wp-json\/wp\/v2\/users\/7"}],"replies":[{"embeddable":true,"href":"http:\/\/staging.ibermusicas.org\/index.php\/wp-json\/wp\/v2\/comments?post=22625"}],"version-history":[{"count":1,"href":"http:\/\/staging.ibermusicas.org\/index.php\/wp-json\/wp\/v2\/posts\/22625\/revisions"}],"predecessor-version":[{"id":22626,"href":"http:\/\/staging.ibermusicas.org\/index.php\/wp-json\/wp\/v2\/posts\/22625\/revisions\/22626"}],"wp:featuredmedia":[{"embeddable":true,"href":"http:\/\/staging.ibermusicas.org\/index.php\/wp-json\/wp\/v2\/media\/22623"}],"wp:attachment":[{"href":"http:\/\/staging.ibermusicas.org\/index.php\/wp-json\/wp\/v2\/media?parent=22625"}],"wp:term":[{"taxonomy":"category","embeddable":true,"href":"http:\/\/staging.ibermusicas.org\/index.php\/wp-json\/wp\/v2\/categories?post=22625"},{"taxonomy":"post_tag","embeddable":true,"href":"http:\/\/staging.ibermusicas.org\/index.php\/wp-json\/wp\/v2\/tags?post=22625"}],"curies":[{"name":"wp","href":"https:\/\/api.w.org\/{rel}","templated":true}]}}