{"id":22635,"date":"2025-06-04T12:48:15","date_gmt":"2025-06-04T12:48:15","guid":{"rendered":"http:\/\/staging.ibermusicas.org\/?p=22635"},"modified":"2025-06-04T12:48:15","modified_gmt":"2025-06-04T12:48:15","slug":"ibermusicas-invita-a-formar-parte-de-la-red-iberoamericana-de-accesibilidad-cultural-en-la-musica","status":"publish","type":"post","link":"http:\/\/staging.ibermusicas.org\/index.php\/ibermusicas-invita-a-formar-parte-de-la-red-iberoamericana-de-accesibilidad-cultural-en-la-musica\/","title":{"rendered":"Iberm\u00fasicas invita a formar parte de la Red Iberoamericana de Accesibilidad Cultural en la M\u00fasica"},"content":{"rendered":"<p>Iberm\u00fasicas invita a personas, asociaciones, fundaciones, ONG, productoras, iniciativas gubernamentales y artistas con discapacidad, a formar parte de la Red Iberoamericana de Accesibilidad Cultural en la M\u00fasica.<\/p>\n<p><strong>\u00a0<\/strong><\/p>\n<p>Con el fin de conocernos, compartir experiencias y principalmente extender y fortalecer la red, Iberm\u00fasicas invita a personas, asociaciones, fundaciones, ONG e iniciativas gubernamentales, a formar parte de la Red Iberoamericana de Accesibilidad Cultural en la M\u00fasica. Esta iniciativa forma parte del proyecto que fue recientemente lanzado por nuestro programa: \u00abAccesibilidad e Inclusi\u00f3n Cultural: Hacia una Iberoam\u00e9rica para el disfrute de todas y todos\u00bb.<\/p>\n<p>&nbsp;<\/p>\n<p>Trabajar por la accesibilidad implica cuestionar nuestras propias pr\u00e1cticas y repensar cr\u00edticamente las formas de crear y de generar pol\u00edticas p\u00fablicas. Buscamos promover una nueva manera de mirar y concebir la sociedad, en la que se valoren todos los modos de existencia y corporalidades. Queremos alentar la reflexi\u00f3n sobre c\u00f3mo se dise\u00f1an los proyectos, productos y servicios culturales, ofreciendo herramientas concretas para avanzar hacia una cultura verdaderamente inclusiva.<\/p>\n<p>&nbsp;<\/p>\n<p>Para sumarse, solo es necesario crear o actualizar un perfil en nuestro Cat\u00e1logo del Sector Musical, incluyendo los datos de contacto y una breve descripci\u00f3n de su labor en el \u00e1rea.<\/p>\n<p>&nbsp;<\/p>\n<ul>\n<li>Puedes acceder al formulario en:<\/li>\n<\/ul>\n<p><a href=\"http:\/\/staging.ibermusicas.org\/index.php\/guia-accesibilidad-inclusion\/\">http:\/\/staging.ibermusicas.org\/index.php\/guia-accesibilidad-inclusion\/<\/a><\/p>\n","protected":false},"excerpt":{"rendered":"<p>Iberm\u00fasicas invita a personas, asociaciones, fundaciones, ONG, productoras, iniciativas gubernamentales y artistas con discapacidad, a formar parte de la Red Iberoamericana de Accesibilidad Cultural en la M\u00fasica. \u00a0 Con el fin de conocernos, compartir experiencias y principalmente extender y fortalecer la red, Iberm\u00fasicas invita a personas, asociaciones, fundaciones, ONG e iniciativas gubernamentales, a formar parte [&hellip;]<\/p>\n","protected":false},"author":7,"featured_media":22204,"comment_status":"closed","ping_status":"closed","sticky":false,"template":"","format":"standard","meta":{"footnotes":""},"categories":[53],"tags":[],"class_list":["post-22635","post","type-post","status-publish","format-standard","has-post-thumbnail","hentry","category-noticias-generales"],"lang":"es","translations":{"es":22635,"pt":22637},"pll_sync_post":[],"post_mailing_queue_ids":[],"_links":{"self":[{"href":"http:\/\/staging.ibermusicas.org\/index.php\/wp-json\/wp\/v2\/posts\/22635","targetHints":{"allow":["GET"]}}],"collection":[{"href":"http:\/\/staging.ibermusicas.org\/index.php\/wp-json\/wp\/v2\/posts"}],"about":[{"href":"http:\/\/staging.ibermusicas.org\/index.php\/wp-json\/wp\/v2\/types\/post"}],"author":[{"embeddable":true,"href":"http:\/\/staging.ibermusicas.org\/index.php\/wp-json\/wp\/v2\/users\/7"}],"replies":[{"embeddable":true,"href":"http:\/\/staging.ibermusicas.org\/index.php\/wp-json\/wp\/v2\/comments?post=22635"}],"version-history":[{"count":1,"href":"http:\/\/staging.ibermusicas.org\/index.php\/wp-json\/wp\/v2\/posts\/22635\/revisions"}],"predecessor-version":[{"id":22636,"href":"http:\/\/staging.ibermusicas.org\/index.php\/wp-json\/wp\/v2\/posts\/22635\/revisions\/22636"}],"wp:featuredmedia":[{"embeddable":true,"href":"http:\/\/staging.ibermusicas.org\/index.php\/wp-json\/wp\/v2\/media\/22204"}],"wp:attachment":[{"href":"http:\/\/staging.ibermusicas.org\/index.php\/wp-json\/wp\/v2\/media?parent=22635"}],"wp:term":[{"taxonomy":"category","embeddable":true,"href":"http:\/\/staging.ibermusicas.org\/index.php\/wp-json\/wp\/v2\/categories?post=22635"},{"taxonomy":"post_tag","embeddable":true,"href":"http:\/\/staging.ibermusicas.org\/index.php\/wp-json\/wp\/v2\/tags?post=22635"}],"curies":[{"name":"wp","href":"https:\/\/api.w.org\/{rel}","templated":true}]}}