{"id":22637,"date":"2025-06-04T12:50:06","date_gmt":"2025-06-04T12:50:06","guid":{"rendered":"http:\/\/staging.ibermusicas.org\/?p=22637"},"modified":"2025-06-04T12:50:06","modified_gmt":"2025-06-04T12:50:06","slug":"ibermusicas-convida-a-participar-da-rede-ibero-americana-de-acessibilidade-cultural-na-musica","status":"publish","type":"post","link":"http:\/\/staging.ibermusicas.org\/index.php\/ibermusicas-convida-a-participar-da-rede-ibero-americana-de-acessibilidade-cultural-na-musica\/","title":{"rendered":"Iberm\u00fasicas convida a participar da Rede Ibero-Americana de Acessibilidade Cultural na M\u00fasica"},"content":{"rendered":"<p>Iberm\u00fasicas convida pessoas, associa\u00e7\u00f5es, funda\u00e7\u00f5es, ONGs, produtoras, iniciativas governamentais e artistas com defici\u00eancia a participar da Rede Ibero-Americana de Acessibilidade Cultural na M\u00fasica.<\/p>\n<p>&nbsp;<\/p>\n<p>Com o objetivo de nos conhecermos, compartilhar experi\u00eancias e, principalmente, ampliar e fortalecer a rede, Iberm\u00fasicas convida pessoas, associa\u00e7\u00f5es, funda\u00e7\u00f5es, ONGs e iniciativas governamentais a fazer parte da Rede Ibero-Americana de Acessibilidade Cultural na M\u00fasica. Esta iniciativa faz parte do projeto que foi recentemente lan\u00e7ado pelo nosso programa: \u201cAcessibilidade e Inclus\u00e3o Cultural: Rumo a uma Ibero-Am\u00e9rica para o desfrute de todas e todos\u201d.<\/p>\n<p>&nbsp;<\/p>\n<p>Trabalhar pela acessibilidade implica questionar nossas pr\u00f3prias pr\u00e1ticas e repensar criticamente as formas de criar e gerar pol\u00edticas p\u00fablicas. Buscamos promover uma nova maneira de ver e conceber a sociedade, na qual sejam valorizadas todas as formas de exist\u00eancia e corporalidades. Queremos incentivar a reflex\u00e3o sobre como s\u00e3o concebidos os projetos, produtos e servi\u00e7os culturais, oferecendo ferramentas concretas para avan\u00e7ar em dire\u00e7\u00e3o a uma cultura verdadeiramente inclusiva.<\/p>\n<p>&nbsp;<\/p>\n<p>Para participar, basta criar ou atualizar um perfil no nosso Cat\u00e1logo do Setor Musical, incluindo os dados de contato e uma breve descri\u00e7\u00e3o do seu trabalho na \u00e1rea.<\/p>\n<p>&nbsp;<\/p>\n<ul>\n<li>Voc\u00ea pode acessar o formul\u00e1rio em:<\/li>\n<\/ul>\n<p><a href=\"http:\/\/staging.ibermusicas.org\/index.php\/guia-accesibilidad-inclusion\/\">http:\/\/staging.ibermusicas.org\/index.php\/guia-accesibilidad-inclusion\/<\/a><\/p>\n","protected":false},"excerpt":{"rendered":"<p>Iberm\u00fasicas convida pessoas, associa\u00e7\u00f5es, funda\u00e7\u00f5es, ONGs, produtoras, iniciativas governamentais e artistas com defici\u00eancia a participar da Rede Ibero-Americana de Acessibilidade Cultural na M\u00fasica. &nbsp; Com o objetivo de nos conhecermos, compartilhar experi\u00eancias e, principalmente, ampliar e fortalecer a rede, Iberm\u00fasicas convida pessoas, associa\u00e7\u00f5es, funda\u00e7\u00f5es, ONGs e iniciativas governamentais a fazer parte da Rede Ibero-Americana de [&hellip;]<\/p>\n","protected":false},"author":7,"featured_media":22204,"comment_status":"closed","ping_status":"closed","sticky":false,"template":"","format":"standard","meta":{"footnotes":""},"categories":[218],"tags":[],"class_list":["post-22637","post","type-post","status-publish","format-standard","has-post-thumbnail","hentry","category-noticias-generales-pt"],"lang":"pt","translations":{"pt":22637,"es":22635},"pll_sync_post":[],"post_mailing_queue_ids":[],"_links":{"self":[{"href":"http:\/\/staging.ibermusicas.org\/index.php\/wp-json\/wp\/v2\/posts\/22637","targetHints":{"allow":["GET"]}}],"collection":[{"href":"http:\/\/staging.ibermusicas.org\/index.php\/wp-json\/wp\/v2\/posts"}],"about":[{"href":"http:\/\/staging.ibermusicas.org\/index.php\/wp-json\/wp\/v2\/types\/post"}],"author":[{"embeddable":true,"href":"http:\/\/staging.ibermusicas.org\/index.php\/wp-json\/wp\/v2\/users\/7"}],"replies":[{"embeddable":true,"href":"http:\/\/staging.ibermusicas.org\/index.php\/wp-json\/wp\/v2\/comments?post=22637"}],"version-history":[{"count":1,"href":"http:\/\/staging.ibermusicas.org\/index.php\/wp-json\/wp\/v2\/posts\/22637\/revisions"}],"predecessor-version":[{"id":22638,"href":"http:\/\/staging.ibermusicas.org\/index.php\/wp-json\/wp\/v2\/posts\/22637\/revisions\/22638"}],"wp:featuredmedia":[{"embeddable":true,"href":"http:\/\/staging.ibermusicas.org\/index.php\/wp-json\/wp\/v2\/media\/22204"}],"wp:attachment":[{"href":"http:\/\/staging.ibermusicas.org\/index.php\/wp-json\/wp\/v2\/media?parent=22637"}],"wp:term":[{"taxonomy":"category","embeddable":true,"href":"http:\/\/staging.ibermusicas.org\/index.php\/wp-json\/wp\/v2\/categories?post=22637"},{"taxonomy":"post_tag","embeddable":true,"href":"http:\/\/staging.ibermusicas.org\/index.php\/wp-json\/wp\/v2\/tags?post=22637"}],"curies":[{"name":"wp","href":"https:\/\/api.w.org\/{rel}","templated":true}]}}