{"id":22643,"date":"2025-06-04T12:55:47","date_gmt":"2025-06-04T12:55:47","guid":{"rendered":"http:\/\/staging.ibermusicas.org\/?p=22643"},"modified":"2025-06-04T12:55:47","modified_gmt":"2025-06-04T12:55:47","slug":"o-4o-ciclo-anual-de-practicas-de-choro-continua-em-buenos-aires-argentina","status":"publish","type":"post","link":"http:\/\/staging.ibermusicas.org\/index.php\/o-4o-ciclo-anual-de-practicas-de-choro-continua-em-buenos-aires-argentina\/","title":{"rendered":"O 4\u00ba Ciclo Anual de Pr\u00e1cticas de Choro continua em Buenos Aires, Argentina"},"content":{"rendered":"<p>O grupo argentino de choro Mistura &amp; Manda, atrav\u00e9s de seu projeto de forma\u00e7\u00e3o \u00abChoro Parceiro Argentina\u00bb, prop\u00f5e o 4\u00ba Ciclo Anual de \u00abPr\u00e1ticas de Choro\u00bb para m\u00fasicos que desejam aprender ou aprofundar seus conhecimentos neste belo g\u00eanero musical instrumental tipicamente carioca. Com a coordena\u00e7\u00e3o de um grupo de m\u00fasicos com experi\u00eancia no g\u00eanero, ser\u00e3o realizadas dez pr\u00e1ticas de choro por m\u00eas.<\/p>\n<p>&nbsp;<\/p>\n<p>Mistura &amp; Manda \u00e9 um grupo de m\u00fasicos argentinos que se dedica exclusivamente ao choro h\u00e1 20 anos. A partir de 2020, acrescentaram \u00e0 sua atividade musical a tarefa de divulgar e ensinar o g\u00eanero musical por meio da iniciativa Choro Parceiro Argentina, um projeto que conta com o apoio institucional da Escola Port\u00e1til de M\u00fasica &#8211; EPM Rio de Janeiro.<\/p>\n<p>&nbsp;<\/p>\n<p>Na convocat\u00f3ria 2024 do Programa Iberm\u00fasicas, receberam o Pr\u00eamio Especial Brasil\/Iberm\u00fasicas concedido pela FUNARTE (Funda\u00e7\u00e3o Nacional de Arte) do Brasil, somando assim mais um merecido reconhecimento ao seu trabalho, desta vez concedido pela mais alta institui\u00e7\u00e3o governamental de cultura do pa\u00eds de origem do choro. Este pr\u00eamio especial do Programa Iberm\u00fasicas, em colabora\u00e7\u00e3o direta com a FUNARTE, tem como objetivo mapear e ao mesmo tempo reconhecer as iniciativas dedicadas \u00e0 divulga\u00e7\u00e3o, pesquisa e ensino da m\u00fasica brasileira, em qualquer parte do mundo e fora do territ\u00f3rio nacional.<\/p>\n<p>&nbsp;<\/p>\n<ul>\n<li>1 de junho das 17h \u00e0s 19h30 no \u201cBar de Fondo\u201d, Juli\u00e1n \u00c1lvarez 1200, Palermo, Buenos Aires, Argentina<\/li>\n<li>Inscri\u00e7\u00f5es em: @choroparceiro_argentina<\/li>\n<\/ul>\n","protected":false},"excerpt":{"rendered":"<p>O grupo argentino de choro Mistura &amp; Manda, atrav\u00e9s de seu projeto de forma\u00e7\u00e3o \u00abChoro Parceiro Argentina\u00bb, prop\u00f5e o 4\u00ba Ciclo Anual de \u00abPr\u00e1ticas de Choro\u00bb para m\u00fasicos que desejam aprender ou aprofundar seus conhecimentos neste belo g\u00eanero musical instrumental tipicamente carioca. Com a coordena\u00e7\u00e3o de um grupo de m\u00fasicos com experi\u00eancia no g\u00eanero, ser\u00e3o [&hellip;]<\/p>\n","protected":false},"author":7,"featured_media":22640,"comment_status":"closed","ping_status":"closed","sticky":false,"template":"","format":"standard","meta":{"footnotes":""},"categories":[218],"tags":[],"class_list":["post-22643","post","type-post","status-publish","format-standard","has-post-thumbnail","hentry","category-noticias-generales-pt"],"lang":"pt","translations":{"pt":22643,"es":22305},"pll_sync_post":[],"post_mailing_queue_ids":[],"_links":{"self":[{"href":"http:\/\/staging.ibermusicas.org\/index.php\/wp-json\/wp\/v2\/posts\/22643","targetHints":{"allow":["GET"]}}],"collection":[{"href":"http:\/\/staging.ibermusicas.org\/index.php\/wp-json\/wp\/v2\/posts"}],"about":[{"href":"http:\/\/staging.ibermusicas.org\/index.php\/wp-json\/wp\/v2\/types\/post"}],"author":[{"embeddable":true,"href":"http:\/\/staging.ibermusicas.org\/index.php\/wp-json\/wp\/v2\/users\/7"}],"replies":[{"embeddable":true,"href":"http:\/\/staging.ibermusicas.org\/index.php\/wp-json\/wp\/v2\/comments?post=22643"}],"version-history":[{"count":1,"href":"http:\/\/staging.ibermusicas.org\/index.php\/wp-json\/wp\/v2\/posts\/22643\/revisions"}],"predecessor-version":[{"id":22644,"href":"http:\/\/staging.ibermusicas.org\/index.php\/wp-json\/wp\/v2\/posts\/22643\/revisions\/22644"}],"wp:featuredmedia":[{"embeddable":true,"href":"http:\/\/staging.ibermusicas.org\/index.php\/wp-json\/wp\/v2\/media\/22640"}],"wp:attachment":[{"href":"http:\/\/staging.ibermusicas.org\/index.php\/wp-json\/wp\/v2\/media?parent=22643"}],"wp:term":[{"taxonomy":"category","embeddable":true,"href":"http:\/\/staging.ibermusicas.org\/index.php\/wp-json\/wp\/v2\/categories?post=22643"},{"taxonomy":"post_tag","embeddable":true,"href":"http:\/\/staging.ibermusicas.org\/index.php\/wp-json\/wp\/v2\/tags?post=22643"}],"curies":[{"name":"wp","href":"https:\/\/api.w.org\/{rel}","templated":true}]}}