{"id":22645,"date":"2025-06-04T12:57:51","date_gmt":"2025-06-04T12:57:51","guid":{"rendered":"http:\/\/staging.ibermusicas.org\/?p=22645"},"modified":"2025-06-04T12:57:51","modified_gmt":"2025-06-04T12:57:51","slug":"banda-la-tribu-de-panama-realiza-su-gira-bila-burba-por-canada-y-los-estados-unidos","status":"publish","type":"post","link":"http:\/\/staging.ibermusicas.org\/index.php\/banda-la-tribu-de-panama-realiza-su-gira-bila-burba-por-canada-y-los-estados-unidos\/","title":{"rendered":"Banda La Tribu de Panam\u00e1, realiza su gira Bila Burba por Canad\u00e1 y los Estados Unidos"},"content":{"rendered":"<p>En conmemoraci\u00f3n del Centenario de la Revoluci\u00f3n Dule de 1925, Banda La Tribu de Panam\u00e1 presenta la Gira Bila Burba \u201c100 a\u00f1os de identidad y cultura\u201d, en honor a las luchas del pueblo de Guna Yala por sobrevivir y extender el mensaje de autonom\u00eda cultural. Esta gira es el marco para hablar sobre su historia, sus historias y el legado de sus abuelos en pro de la identidad y cultura de la naci\u00f3n Guna.<\/p>\n<p>&nbsp;<\/p>\n<p>Banda La Tribu es una agrupaci\u00f3n musical que fusiona instrumentos ind\u00edgenas con el lenguaje universal del rock. Es una propuesta musical basada en la etnofusi\u00f3n. Utilizan diferentes corrientes ind\u00edgenas con el objetivo de transmitir saberes ancestrales a su p\u00fablico. Para su puesta en escena utilizan danzas tribales, instrumentos nativos, lengua ind\u00edgena y mensajes de conciencia social. El ambiente se llena de buena energ\u00eda y buena vibra que captura al p\u00fablico desde el primer momento.<\/p>\n<p>&nbsp;<\/p>\n<p>Se han presentado en los diferentes festivales de su natal Panam\u00e1, y han brindado presentaciones en Jap\u00f3n, Brasil, M\u00e9xico, Ecuador, Costa Rica y Colombia.<\/p>\n<p>&nbsp;<\/p>\n<p>El a\u00f1o 2022 estuvieron en importantes escenarios como el Vive Latino en Ciudad de M\u00e9xico y Rock Al Parque en Bogot\u00e1-Colombia. El 2025 llegaron por primera vez a naciones anglosajonas con una propuesta llena de ancestralidad.<\/p>\n<p>&nbsp;<\/p>\n<p>Esta gira norteamericana de Banda La Tribu se hace posible gracias al apoyo del Programa Iberm\u00fasicas mediante su l\u00ednea de \u201cAyuda a la circulaci\u00f3n de profesionales de la m\u00fasica\u201d, convocatoria 2024.<\/p>\n<p>&nbsp;<\/p>\n<ul>\n<li>3 de Junio: International Indigenous Music Summit, Toronto, Canad\u00e1<\/li>\n<li>6 de Junio: POR UP Music Fest, L.A California, USA<\/li>\n<li>7 de Junio: The Village Studios, LA California USA<\/li>\n<\/ul>\n","protected":false},"excerpt":{"rendered":"<p>En conmemoraci\u00f3n del Centenario de la Revoluci\u00f3n Dule de 1925, Banda La Tribu de Panam\u00e1 presenta la Gira Bila Burba \u201c100 a\u00f1os de identidad y cultura\u201d, en honor a las luchas del pueblo de Guna Yala por sobrevivir y extender el mensaje de autonom\u00eda cultural. Esta gira es el marco para hablar sobre su historia, [&hellip;]<\/p>\n","protected":false},"author":7,"featured_media":22646,"comment_status":"closed","ping_status":"closed","sticky":false,"template":"","format":"standard","meta":{"footnotes":""},"categories":[53,48],"tags":[],"class_list":["post-22645","post","type-post","status-publish","format-standard","has-post-thumbnail","hentry","category-noticias-generales","category-noticias-rotativas"],"lang":"es","translations":{"es":22645,"pt":22648},"pll_sync_post":[],"post_mailing_queue_ids":[],"_links":{"self":[{"href":"http:\/\/staging.ibermusicas.org\/index.php\/wp-json\/wp\/v2\/posts\/22645","targetHints":{"allow":["GET"]}}],"collection":[{"href":"http:\/\/staging.ibermusicas.org\/index.php\/wp-json\/wp\/v2\/posts"}],"about":[{"href":"http:\/\/staging.ibermusicas.org\/index.php\/wp-json\/wp\/v2\/types\/post"}],"author":[{"embeddable":true,"href":"http:\/\/staging.ibermusicas.org\/index.php\/wp-json\/wp\/v2\/users\/7"}],"replies":[{"embeddable":true,"href":"http:\/\/staging.ibermusicas.org\/index.php\/wp-json\/wp\/v2\/comments?post=22645"}],"version-history":[{"count":1,"href":"http:\/\/staging.ibermusicas.org\/index.php\/wp-json\/wp\/v2\/posts\/22645\/revisions"}],"predecessor-version":[{"id":22647,"href":"http:\/\/staging.ibermusicas.org\/index.php\/wp-json\/wp\/v2\/posts\/22645\/revisions\/22647"}],"wp:featuredmedia":[{"embeddable":true,"href":"http:\/\/staging.ibermusicas.org\/index.php\/wp-json\/wp\/v2\/media\/22646"}],"wp:attachment":[{"href":"http:\/\/staging.ibermusicas.org\/index.php\/wp-json\/wp\/v2\/media?parent=22645"}],"wp:term":[{"taxonomy":"category","embeddable":true,"href":"http:\/\/staging.ibermusicas.org\/index.php\/wp-json\/wp\/v2\/categories?post=22645"},{"taxonomy":"post_tag","embeddable":true,"href":"http:\/\/staging.ibermusicas.org\/index.php\/wp-json\/wp\/v2\/tags?post=22645"}],"curies":[{"name":"wp","href":"https:\/\/api.w.org\/{rel}","templated":true}]}}