{"id":22648,"date":"2025-06-04T12:59:37","date_gmt":"2025-06-04T12:59:37","guid":{"rendered":"http:\/\/staging.ibermusicas.org\/?p=22648"},"modified":"2025-06-04T12:59:37","modified_gmt":"2025-06-04T12:59:37","slug":"a-banda-la-tribu-do-panama-realiza-sua-turne-bila-burba-pelo-canada-e-pelos-estados-unidos","status":"publish","type":"post","link":"http:\/\/staging.ibermusicas.org\/index.php\/a-banda-la-tribu-do-panama-realiza-sua-turne-bila-burba-pelo-canada-e-pelos-estados-unidos\/","title":{"rendered":"A banda La Tribu do Panam\u00e1 realiza sua turn\u00ea Bila Burba pelo Canad\u00e1 e pelos Estados Unidos"},"content":{"rendered":"<p>Em comemora\u00e7\u00e3o ao Centen\u00e1rio da Revolu\u00e7\u00e3o Dule de 1925, a Banda La Tribu do Panam\u00e1 apresenta a turn\u00ea Bila Burba \u201c100 anos de identidade e cultura\u201d, em homenagem \u00e0s lutas do povo de Guna Yala pela sobreviv\u00eancia e pela divulga\u00e7\u00e3o da mensagem de autonomia cultural. Esta turn\u00ea \u00e9 o cen\u00e1rio para falar sobre sua hist\u00f3ria, suas hist\u00f3rias e o legado de seus av\u00f3s em prol da identidade e da cultura da na\u00e7\u00e3o Guna.<\/p>\n<p>&nbsp;<\/p>\n<p>A Banda La Tribu \u00e9 um grupo musical que funde instrumentos ind\u00edgenas com a linguagem universal do rock. \u00c9 uma proposta musical baseada na etnofus\u00e3o.<\/p>\n<p>&nbsp;<\/p>\n<p>Eles utilizam diferentes correntes ind\u00edgenas com o objetivo de transmitir conhecimentos ancestrais ao seu p\u00fablico. Para sua apresenta\u00e7\u00e3o, utilizam dan\u00e7as tribais, instrumentos nativos, l\u00edngua ind\u00edgena e mensagens de consci\u00eancia social. O ambiente se enche de boa energia e boas vibra\u00e7\u00f5es que cativam o p\u00fablico desde o primeiro momento.<\/p>\n<p>&nbsp;<\/p>\n<p>Eles se apresentaram em diferentes festivais em seu pa\u00eds natal, o Panam\u00e1, e fizeram apresenta\u00e7\u00f5es no Jap\u00e3o, Brasil, M\u00e9xico, Equador, Costa Rica e Col\u00f4mbia.<\/p>\n<p>&nbsp;<\/p>\n<p>Em 2022, eles estiveram em palcos importantes como o Vive Latino na Cidade do M\u00e9xico e o Rock Al Parque em Bogot\u00e1, Col\u00f4mbia. Em 2025, chegaram pela primeira vez a na\u00e7\u00f5es anglo-sax\u00f4nicas com uma proposta repleta de ancestralidade.<\/p>\n<p>&nbsp;<\/p>\n<p>Esta turn\u00ea norte-americana da Banda La Tribu \u00e9 poss\u00edvel gra\u00e7as ao apoio do Programa Iberm\u00fasicas atrav\u00e9s de sua linha de \u201cAjuda \u00e0 circula\u00e7\u00e3o de profissionais da m\u00fasica\u201d, convocat\u00f3ria 2024.<\/p>\n<p>&nbsp;<\/p>\n<ul>\n<li>3 de junho: International Indigenous Music Summit, Toronto, Canad\u00e1<\/li>\n<li>6 de junho: POR UP Music Fest, L.A Calif\u00f3rnia, EUA<\/li>\n<li>7 de junho: The Village Studios, LA Calif\u00f3rnia, EUA<\/li>\n<\/ul>\n","protected":false},"excerpt":{"rendered":"<p>Em comemora\u00e7\u00e3o ao Centen\u00e1rio da Revolu\u00e7\u00e3o Dule de 1925, a Banda La Tribu do Panam\u00e1 apresenta a turn\u00ea Bila Burba \u201c100 anos de identidade e cultura\u201d, em homenagem \u00e0s lutas do povo de Guna Yala pela sobreviv\u00eancia e pela divulga\u00e7\u00e3o da mensagem de autonomia cultural. Esta turn\u00ea \u00e9 o cen\u00e1rio para falar sobre sua hist\u00f3ria, [&hellip;]<\/p>\n","protected":false},"author":7,"featured_media":22646,"comment_status":"closed","ping_status":"closed","sticky":false,"template":"","format":"standard","meta":{"footnotes":""},"categories":[218,222],"tags":[],"class_list":["post-22648","post","type-post","status-publish","format-standard","has-post-thumbnail","hentry","category-noticias-generales-pt","category-noticias-rotativas-pt"],"lang":"pt","translations":{"pt":22648,"es":22645},"pll_sync_post":[],"post_mailing_queue_ids":[],"_links":{"self":[{"href":"http:\/\/staging.ibermusicas.org\/index.php\/wp-json\/wp\/v2\/posts\/22648","targetHints":{"allow":["GET"]}}],"collection":[{"href":"http:\/\/staging.ibermusicas.org\/index.php\/wp-json\/wp\/v2\/posts"}],"about":[{"href":"http:\/\/staging.ibermusicas.org\/index.php\/wp-json\/wp\/v2\/types\/post"}],"author":[{"embeddable":true,"href":"http:\/\/staging.ibermusicas.org\/index.php\/wp-json\/wp\/v2\/users\/7"}],"replies":[{"embeddable":true,"href":"http:\/\/staging.ibermusicas.org\/index.php\/wp-json\/wp\/v2\/comments?post=22648"}],"version-history":[{"count":1,"href":"http:\/\/staging.ibermusicas.org\/index.php\/wp-json\/wp\/v2\/posts\/22648\/revisions"}],"predecessor-version":[{"id":22649,"href":"http:\/\/staging.ibermusicas.org\/index.php\/wp-json\/wp\/v2\/posts\/22648\/revisions\/22649"}],"wp:featuredmedia":[{"embeddable":true,"href":"http:\/\/staging.ibermusicas.org\/index.php\/wp-json\/wp\/v2\/media\/22646"}],"wp:attachment":[{"href":"http:\/\/staging.ibermusicas.org\/index.php\/wp-json\/wp\/v2\/media?parent=22648"}],"wp:term":[{"taxonomy":"category","embeddable":true,"href":"http:\/\/staging.ibermusicas.org\/index.php\/wp-json\/wp\/v2\/categories?post=22648"},{"taxonomy":"post_tag","embeddable":true,"href":"http:\/\/staging.ibermusicas.org\/index.php\/wp-json\/wp\/v2\/tags?post=22648"}],"curies":[{"name":"wp","href":"https:\/\/api.w.org\/{rel}","templated":true}]}}