{"id":22650,"date":"2025-06-04T13:02:14","date_gmt":"2025-06-04T13:02:14","guid":{"rendered":"http:\/\/staging.ibermusicas.org\/?p=22650"},"modified":"2025-06-04T13:02:14","modified_gmt":"2025-06-04T13:02:14","slug":"la-reconocida-guitarrista-portuguesa-marta-pereira-da-costa-actuara-en-panama-costa-rica-y-brasil","status":"publish","type":"post","link":"http:\/\/staging.ibermusicas.org\/index.php\/la-reconocida-guitarrista-portuguesa-marta-pereira-da-costa-actuara-en-panama-costa-rica-y-brasil\/","title":{"rendered":"La reconocida guitarrista portuguesa Marta Pereira da Costa actuar\u00e1 en Panam\u00e1, Costa Rica y Brasil"},"content":{"rendered":"<p>Marta Pereira da Costa naci\u00f3 en Lisboa en 1982. A los 18 a\u00f1os, motivada por su padre, que la llev\u00f3 a una clase con Carlos Gon\u00e7alves, guitarrista de Am\u00e1lia Rodrigues, tuvo su primer contacto con la guitarra portuguesa. En aquel momento, mientras cursaba la carrera de Ingenier\u00eda Civil, divid\u00eda su tiempo entre los estudios y los locales de fado que frecuentaba, en particular el Clube de Fado, en Lisboa. \u00abApenas sab\u00eda tocar la guitarra portuguesa y empec\u00e9 a aparecer por all\u00ed, sent\u00e1ndome al lado de M\u00e1rio Pacheco [guitarrista y gerente del local] y aprendiendo algunas notas y tocando cada vez m\u00e1s. As\u00ed fue como empez\u00f3 todo\u00bb.<\/p>\n<p>&nbsp;<\/p>\n<p>Con el cuerpo en la facultad y la mente en la guitarra, busc\u00f3 beber de la sabidur\u00eda de otros guitarristas, como Paulo y Ricardo Parreira, Paulo Soares, Pedro Caldeira Cabral, Ricardo Rocha, Bernardo Couto y Fontes Rocha, tambi\u00e9n m\u00fasico de Am\u00e1lia y del Clube de Fado, un mentor al que Marta considera su \u00abmayor referencia\u00bb y \u00abmayor inspiraci\u00f3n\u00bb. \u00abMe animaba todos los d\u00edas a seguir tocando la guitarra y fue una gran suerte haber podido compartir tanto tiempo con \u00e9l\u00bb, afirma.<\/p>\n<p>&nbsp;<\/p>\n<p>Antes de lanzarse en solitario, la guitarrista particip\u00f3 en los \u00e1lbumes del compositor y productor espa\u00f1ol Jaime Rold\u00e1n y del fadista Rodrigo Costa F\u00e9lix. Con este \u00faltimo, colabor\u00f3 en el disco \u00abFados de Amor\u00bb, el primer disco de la historia del fado en el que la guitarra portuguesa es tocada y grabada \u00edntegramente por una mujer y distinguido con el premio al Mejor \u00c1lbum del A\u00f1o 2012 por la Fundaci\u00f3n Am\u00e1lia Rodrigues.<\/p>\n<p>&nbsp;<\/p>\n<p>En 2012, Marta Pereira da Costa se dedica exclusivamente a la m\u00fasica y a la guitarra, abandonando su carrera como ingeniera civil. Su debut en solitario tiene lugar en Toronto. Con la misi\u00f3n de dar voz a la guitarra portuguesa por todo el mundo, la artista tambi\u00e9n recorre en esta etapa pa\u00edses como Brasil, Suiza, Espa\u00f1a, Holanda, Francia, Eslovenia, Ruman\u00eda, T\u00fanez e Israel. En Estados Unidos, realiza una gira por la costa este, que comparte con Rodrigo Costa F\u00e9lix.<\/p>\n<p>&nbsp;<\/p>\n<p>En Portugal, se presenta en el Centro Cultural de Bel\u00e9m y en la Casa da M\u00fasica, entre otras salas nobles del pa\u00eds, en actuaciones que le han valido un estatus no solo en el panorama del fado, sino tambi\u00e9n en el de la m\u00fasica nacional. El Premio Instrumentista, otorgado en 2014 por la Fundaci\u00f3n Am\u00e1lia Rodrigues, fruto de su trabajo, lo subraya.<\/p>\n<p>&nbsp;<\/p>\n<p>Adem\u00e1s del extenso y exigente repertorio de la guitarra portuguesa, que ha mostrado en sus conciertos, Marta se aventura como compositora. En sus constantes visitas a las casas de fado, que le dieron \u00ablibertad para tocar, improvisar, experimentar\u00bb, encontr\u00f3 la inspiraci\u00f3n. All\u00ed, \u00abhay lugar para las experiencias\u00bb, revela. Sin embargo, fue cuando la directora Ana Rocha la desafi\u00f3 a escribir un tema para un cortometraje cuando naci\u00f3 \u00abMinha Alma\u00bb. Le siguieron otras creaciones, como \u00abViagem\u00bb, \u00abMovimento\u00bb y \u00abTerra\u00bb, que se convirti\u00f3 en el single de presentaci\u00f3n de su primer \u00e1lbum, hom\u00f3nimo, editado en mayo de 2016 por Warner Music Portugal. Producido por Filipe Raposo, el aclamado disco incluye un elenco de invitados de lujo elegidos por Marta: Caman\u00e9, Dulce Pontes, Pedro J\u00f3ia y Rui Veloso, sus referentes de la m\u00fasica portuguesa, adem\u00e1s del bajista camerun\u00e9s Richard Bona y la cantante iran\u00ed Tara Tiba.<\/p>\n<p>&nbsp;<\/p>\n<p>Se reuni\u00f3 en el escenario con uno de los grandes nombres de la morna caboverdiana, Tito Paris, con el saxofonista de jazz Ricardo Toscano o con un grupo de cante alentejano. A su regreso a Brasil, cabe destacar la actuaci\u00f3n en directo con Toquinho, en S\u00e3o Paulo, y la invitaci\u00f3n del maestro y violonchelista Jaques Morelenbaum para participar en su espect\u00e1culo en el Festival de Jazz de Trancoso.<\/p>\n<p>&nbsp;<\/p>\n<p>De 2016 a 2023, la artista sigue consolidando su carrera en el \u00e1mbito internacional y llevando su alma y su m\u00fasica a lugares como los Emiratos \u00c1rabes Unidos, Espa\u00f1a, Grecia, Irlanda, Israel, Italia, Luxemburgo, Marruecos, Per\u00fa y Senegal. En Estados Unidos, donde ya cuenta con innumerables conciertos.<\/p>\n<p>En EE. UU. se produce el punto de inflexi\u00f3n en la vida de Marta Pereira da Costa: su notable paso por el c\u00e9lebre Tiny Desk de NPR Music (Radio P\u00fablica Norteamericana) y su respectiva retransmisi\u00f3n global, en la recta final de 2023, que ya cuenta con alrededor de 1 mill\u00f3n de visualizaciones.<\/p>\n<p>&nbsp;<\/p>\n<p>2024 es el a\u00f1o de la consolidaci\u00f3n de Marta Pereira da Costa, que ha dado la vuelta al mundo, desde Australia hasta EE. UU., pasando por Macao, Hong Kong, Espa\u00f1a y Reino Unido. Conciertos que tambi\u00e9n le han servido para grabar y experimentar en directo los temas que componen el segundo \u00e1lbum de la guitarrista, que se public\u00f3 el 10 de mayo. \u00abSer\u00e1 un hito en mi carrera y un momento de afirmaci\u00f3n\u00bb, subraya.<\/p>\n<p>&nbsp;<\/p>\n<p>\u00abSem Palavras\u00bb, su nuevo \u00e1lbum, es fruto de una conversaci\u00f3n entre Marta y el piano del ganador de un Grammy Latino, Iv\u00e1n Mel\u00f3n Lewis, grabado en Madrid, en el Estudio Cezanne Producciones, e interpretado y producido \u00edntegramente por los dos m\u00fasicos.<\/p>\n<p>&nbsp;<\/p>\n<p>Con la sala Suggia de la Casa da M\u00fasica agotada, Marta dio un paso m\u00e1s en su carrera, presentando en directo por primera vez en Portugal su segundo disco. A continuaci\u00f3n, se dirigi\u00f3 a Brasil para actuar en el Festival de Fado en Ciudades Hist\u00f3ricas y para debutar en el m\u00edtico Blue Note Sao Paulo, compartiendo escenario con su invitado muy especial, Jaques Morelenbaum. M\u00e1s tarde se dirigi\u00f3 a la India para dar dos conciertos m\u00e1s, donde volver\u00e1 a principios de 2025.<\/p>\n<p>&nbsp;<\/p>\n<p>\u00abS\u00e9 que toco con mucha pasi\u00f3n y esa es mi verdad\u00bb es tambi\u00e9n el lema de Marta Pereira da Costa, una guitarrista con un universo infinito dentro de s\u00ed misma.<\/p>\n<p>&nbsp;<\/p>\n<p>\u00abLlevar el fado al mundo y traer el mundo al fado\u00bb. Esta gira de Marta Pereira da Costa es posible gracias al apoyo del Programa Iberm\u00fasicas a trav\u00e9s de su l\u00ednea \u00abApoyo a la circulaci\u00f3n de profesionales de la m\u00fasica\u00bb, convocatoria 2024.<\/p>\n<p>&nbsp;<\/p>\n<ul>\n<li>3 de junio: concierto en el Teatro Nacional de Costa Rica<\/li>\n<li>6 de junio: concierto en el Teatro Nacional de Panam\u00e1 con Carlos Vallarino<\/li>\n<li>10 de junio: concierto en el Blue Note S\u00e3o Paulo, Brasil, con Samara L\u00edbano<\/li>\n<\/ul>\n","protected":false},"excerpt":{"rendered":"<p>Marta Pereira da Costa naci\u00f3 en Lisboa en 1982. A los 18 a\u00f1os, motivada por su padre, que la llev\u00f3 a una clase con Carlos Gon\u00e7alves, guitarrista de Am\u00e1lia Rodrigues, tuvo su primer contacto con la guitarra portuguesa. En aquel momento, mientras cursaba la carrera de Ingenier\u00eda Civil, divid\u00eda su tiempo entre los estudios y [&hellip;]<\/p>\n","protected":false},"author":7,"featured_media":22651,"comment_status":"closed","ping_status":"closed","sticky":false,"template":"","format":"standard","meta":{"footnotes":""},"categories":[53,48],"tags":[],"class_list":["post-22650","post","type-post","status-publish","format-standard","has-post-thumbnail","hentry","category-noticias-generales","category-noticias-rotativas"],"lang":"es","translations":{"es":22650,"pt":22653},"pll_sync_post":[],"post_mailing_queue_ids":[],"_links":{"self":[{"href":"http:\/\/staging.ibermusicas.org\/index.php\/wp-json\/wp\/v2\/posts\/22650","targetHints":{"allow":["GET"]}}],"collection":[{"href":"http:\/\/staging.ibermusicas.org\/index.php\/wp-json\/wp\/v2\/posts"}],"about":[{"href":"http:\/\/staging.ibermusicas.org\/index.php\/wp-json\/wp\/v2\/types\/post"}],"author":[{"embeddable":true,"href":"http:\/\/staging.ibermusicas.org\/index.php\/wp-json\/wp\/v2\/users\/7"}],"replies":[{"embeddable":true,"href":"http:\/\/staging.ibermusicas.org\/index.php\/wp-json\/wp\/v2\/comments?post=22650"}],"version-history":[{"count":1,"href":"http:\/\/staging.ibermusicas.org\/index.php\/wp-json\/wp\/v2\/posts\/22650\/revisions"}],"predecessor-version":[{"id":22652,"href":"http:\/\/staging.ibermusicas.org\/index.php\/wp-json\/wp\/v2\/posts\/22650\/revisions\/22652"}],"wp:featuredmedia":[{"embeddable":true,"href":"http:\/\/staging.ibermusicas.org\/index.php\/wp-json\/wp\/v2\/media\/22651"}],"wp:attachment":[{"href":"http:\/\/staging.ibermusicas.org\/index.php\/wp-json\/wp\/v2\/media?parent=22650"}],"wp:term":[{"taxonomy":"category","embeddable":true,"href":"http:\/\/staging.ibermusicas.org\/index.php\/wp-json\/wp\/v2\/categories?post=22650"},{"taxonomy":"post_tag","embeddable":true,"href":"http:\/\/staging.ibermusicas.org\/index.php\/wp-json\/wp\/v2\/tags?post=22650"}],"curies":[{"name":"wp","href":"https:\/\/api.w.org\/{rel}","templated":true}]}}