{"id":22653,"date":"2025-06-04T13:05:32","date_gmt":"2025-06-04T13:05:32","guid":{"rendered":"http:\/\/staging.ibermusicas.org\/?p=22653"},"modified":"2025-06-04T13:05:32","modified_gmt":"2025-06-04T13:05:32","slug":"a-renomada-guitarrista-portuguesa-marta-pereira-da-costa-ira-apresentar-se-no-panama-na-costa-rica-e-no-brasil","status":"publish","type":"post","link":"http:\/\/staging.ibermusicas.org\/index.php\/a-renomada-guitarrista-portuguesa-marta-pereira-da-costa-ira-apresentar-se-no-panama-na-costa-rica-e-no-brasil\/","title":{"rendered":"A renomada guitarrista portuguesa Marta Pereira da Costa ir\u00e1 apresentar-se no Panam\u00e1, na Costa Rica e no Brasil"},"content":{"rendered":"<p>Marta Pereira da Costa nasceu em Lisboa, em 1982. Aos 18 anos, motivada pelo pai, que a leva a uma aula com Carlos Gon\u00e7alves \u2013 guitarrista de Am\u00e1lia Rodrigues \u2013, tem o seu primeiro contacto com a guitarra portuguesa. Na altura a ingressar numa licenciatura em Engenharia Civil, divide-se entre os estudos e as casas de fado que frequenta, nomeadamente, o Clube de Fado, em Lisboa. \u201cAinda mal tocava guitarra portuguesa e comecei a aparecer l\u00e1, a sentar-me ao lado do M\u00e1rio Pacheco [guitarrista e gerente da casa] e a aprender umas notas e a tocar cada vez mais. Foi assim que tudo come\u00e7ou\u201d.<\/p>\n<p>&nbsp;<\/p>\n<p>Com o corpo na faculdade e a mente na guitarra, procurou beber da sabedoria de outros guitarristas, como Paulo e Ricardo Parreira, Paulo Soares, Pedro Caldeira Cabral, Ricardo Rocha, Bernardo Couto e Fontes Rocha, tamb\u00e9m m\u00fasico de Am\u00e1lia e do Clube de Fado \u2013 um mentor que Marta considera a sua \u201cmaior refer\u00eancia\u201d e \u201cmaior inspira\u00e7\u00e3o\u201d. \u201cIncentivou-me todos os dias para continuar a tocar guitarra e foi uma sorte muito grande ter podido privar com ele tanto tempo\u201d, diz.<\/p>\n<p>&nbsp;<\/p>\n<p>Antes de se lan\u00e7ar em nome pr\u00f3prio, a guitarrista participa nos \u00e1lbuns do compositor e produtor espanhol Jaime Rold\u00e1n e do fadista Rodrigo Costa F\u00e9lix. Com este \u00faltimo, colaborou no disco \u201cFados de Amor\u201d, o primeiro disco na hist\u00f3ria do fado onde a guitarra portuguesa \u00e9 integralmente tocada e gravada por uma mulher e distinguido com o pr\u00e9mio de Melhor \u00c1lbum do Ano de 2012, pela Funda\u00e7\u00e3o Am\u00e1lia Rodrigues.<\/p>\n<p>&nbsp;<\/p>\n<p>Em 2012, Marta Pereira da Costa dedica-se exclusivamente \u00e0 m\u00fasica e \u00e0 guitarra, abandonando a carreira enquanto engenheira civil. A sua estreia em palco a solo acontece em Toronto. Com a miss\u00e3o de dar voz \u00e0 guitarra portuguesa pelo mundo, a artista tamb\u00e9m passa nesta fase por pa\u00edses como o Brasil, Su\u00ed\u00e7a, Espanha, Holanda, Fran\u00e7a, Eslov\u00e9nia, Rom\u00e9nia, Tun\u00edsia e Israel. Nos EUA, numa digress\u00e3o pela costa Leste, que partilha com Rodrigo Costa F\u00e9lix.<\/p>\n<p>&nbsp;<\/p>\n<p>Em Portugal, apresenta-se no Centro Cultural de Bel\u00e9m e na Casa da M\u00fasica, entre outras salas nobres do pa\u00eds, em actua\u00e7\u00f5es que lhe granjearam estatuto n\u00e3o s\u00f3 no panorama do fado, como no da m\u00fasica nacional. O Pr\u00e9mio Instrumentista, atribu\u00eddo em 2014 pela Funda\u00e7\u00e3o Am\u00e1lia Rodrigues, fruto do seu trabalho, sublinha-o.<\/p>\n<p>&nbsp;<\/p>\n<p>Al\u00e9m do extenso e exigente repert\u00f3rio da guitarra portuguesa, que tem mostrado nos seus concertos, Marta arrisca enquanto compositora. Nas constantes idas \u00e0s casas de fado, que lhe deram \u201cliberdade para tocar, improvisar, experimentar\u201d, encontrou inspira\u00e7\u00e3o. L\u00e1, \u201ch\u00e1 lugar para experi\u00eancias\u201d, revela. Por\u00e9m, foi quando a realizadora Ana Rocha a desafiou a escrever um tema para uma curta-metragem que \u201cMinha Alma\u201d nasceu. Seguiram-se outras cria\u00e7\u00f5es, como \u201cViagem\u201d, \u201cMovimento\u201d e \u201cTerra\u201d, que se tornou o single de apresenta\u00e7\u00e3o do seu primeiro \u00e1lbum, hom\u00f3nimo, editado em Maio de 2016, pela Warner Music Portugal. Produzido por Filipe Raposo, o elogiado disco inclui um naipe de convidados de luxo escolhidos por Marta: Caman\u00e9, Dulce Pontes, Pedro J\u00f3ia e Rui Veloso, as suas refer\u00eancias da m\u00fasica portuguesa, e ainda o baixista camaron\u00eas Richard Bona e a cantora iraniana Tara Tiba.<\/p>\n<p>&nbsp;<\/p>\n<p>Ela se reuniu em palco com um dos maiores nomes da morna cabo-verdiana, Tito Paris, com o saxofonista jazz Ricardo Toscano ou com um grupo de cante alentejano. Do regresso ao Brasil, registam-se a apresenta\u00e7\u00e3o ao vivo com Toquinho, em S\u00e3o Paulo, e o convite do maestro e violoncelista Jaques Morelenbaum para participar no seu espect\u00e1culo no Festival de Jazz de Trancoso.<\/p>\n<p>&nbsp;<\/p>\n<p>De 2016 a 2023, a artista continua a cimentar a sua carreira por territ\u00f3rios internacionais e a levar a sua alma e m\u00fasica a lugares como Emirados \u00c1rabes Unidos, Espanha, Gr\u00e9cia, Irlanda, Israel, It\u00e1lia, Luxemburgo, Marrocos, Peru e Senegal. Nos Estados Unidos da Am\u00e9rica, onde j\u00e1 conta com incont\u00e1veis concertos.<\/p>\n<p>&nbsp;<\/p>\n<p>Nos EUA, h\u00e1 o ponto de viragem na vida de Marta Pereira da Costa: a not\u00e1vel passagem pelo celebrado Tiny Desk da NPR Music (R\u00e1dio P\u00fablica Norte-Americana) e sua respectiva transmiss\u00e3o global, na recta final de 2023, que conta j\u00e1 com cerca de 1 milh\u00e3o de visualiza\u00e7\u00f5es.<\/p>\n<p>.<\/p>\n<p>2024 \u00e9 o ano de consolida\u00e7\u00e3o de Marta Pereira da Costa que deu a volta ao mundo, da Austr\u00e1lia aos EUA, passando por Macau, Hong Kong, Espanha e Reino Unido. Espect\u00e1culos que tamb\u00e9m serviram para rodar e experimentar ao vivo os temas que integram o segundo \u00e1lbum da guitarrista, com edi\u00e7\u00e3o a 10 de Maio. \u201cVai ser um ponto marcante na minha carreira e um momento de afirma\u00e7\u00e3o\u201d, sublinha.<\/p>\n<p>&nbsp;<\/p>\n<p>\u201cSem Palavras\u201d, o seu novo longa-dura\u00e7\u00e3o, \u00e9 fruto de uma conversa entre Marta e o piano do vencedor de um Grammy Latino, Iv\u00e1n Mel\u00f3n Lewis, gravado em Madrid, no Est\u00fadio Cezanne Producciones, e totalmente interpretado e produzidos pelos dois m\u00fasicos.<\/p>\n<p>&nbsp;<\/p>\n<p>Com a sala Suggia da Casa da M\u00fasica esgotada, Marta deu mais um passo seguro na sua carreira, apresentando ao vivo pela primeira vez e em Portugal o seu segundo disco. Seguiu rumo ao Brasil para actuar no Festival de Fado em Cidades Hist\u00f3ricas e para se estrear no m\u00edtico Blue Note Sao Paulo partilhando palco com o seu convidado especial\u00edssimo, Jaques Morelenbaum. Mais tarde rumou \u00e0 \u00cdndia, para mais dois concertos e onde regressar\u00e1 j\u00e1 no in\u00edcio de 2025.<\/p>\n<p>&nbsp;<\/p>\n<p>\u201cSei que toco com muita paix\u00e3o e essa \u00e9 a minha verdade\u201d \u00e9 tamb\u00e9m o manifesto de Marta Pereira da Costa, uma guitarrista com um infind\u00e1vel universo dentro de si.<\/p>\n<p>&nbsp;<\/p>\n<p>\u201cLevar o fado para o mundo e trazer o mundo para o fado\u201d. Esta digress\u00e3o de Marta Pereira da Costa \u00e9 poss\u00edvel gra\u00e7as ao apoio do Programa Iberm\u00fasicas atrav\u00e9s da sua linha de \u201cApoio \u00e0 circula\u00e7\u00e3o de profissionais da m\u00fasica\u201d, edital 2024.<\/p>\n<p>&nbsp;<\/p>\n<p>&nbsp;<\/p>\n<ul>\n<li>3 de junho: concerto no Teatro Nacional de Costa Rica<\/li>\n<li>6 de junho: concerto no Teatro Nacional de Panam\u00e1 com Carlos Vallarino<\/li>\n<li>10 de junho: concerto no Blue Note S\u00e3o Paulo, Brasil com Samara L\u00edbano<\/li>\n<\/ul>\n","protected":false},"excerpt":{"rendered":"<p>Marta Pereira da Costa nasceu em Lisboa, em 1982. Aos 18 anos, motivada pelo pai, que a leva a uma aula com Carlos Gon\u00e7alves \u2013 guitarrista de Am\u00e1lia Rodrigues \u2013, tem o seu primeiro contacto com a guitarra portuguesa. Na altura a ingressar numa licenciatura em Engenharia Civil, divide-se entre os estudos e as casas [&hellip;]<\/p>\n","protected":false},"author":7,"featured_media":22651,"comment_status":"closed","ping_status":"closed","sticky":false,"template":"","format":"standard","meta":{"footnotes":""},"categories":[218,222],"tags":[],"class_list":["post-22653","post","type-post","status-publish","format-standard","has-post-thumbnail","hentry","category-noticias-generales-pt","category-noticias-rotativas-pt"],"lang":"pt","translations":{"pt":22653,"es":22650},"pll_sync_post":[],"post_mailing_queue_ids":[],"_links":{"self":[{"href":"http:\/\/staging.ibermusicas.org\/index.php\/wp-json\/wp\/v2\/posts\/22653","targetHints":{"allow":["GET"]}}],"collection":[{"href":"http:\/\/staging.ibermusicas.org\/index.php\/wp-json\/wp\/v2\/posts"}],"about":[{"href":"http:\/\/staging.ibermusicas.org\/index.php\/wp-json\/wp\/v2\/types\/post"}],"author":[{"embeddable":true,"href":"http:\/\/staging.ibermusicas.org\/index.php\/wp-json\/wp\/v2\/users\/7"}],"replies":[{"embeddable":true,"href":"http:\/\/staging.ibermusicas.org\/index.php\/wp-json\/wp\/v2\/comments?post=22653"}],"version-history":[{"count":1,"href":"http:\/\/staging.ibermusicas.org\/index.php\/wp-json\/wp\/v2\/posts\/22653\/revisions"}],"predecessor-version":[{"id":22654,"href":"http:\/\/staging.ibermusicas.org\/index.php\/wp-json\/wp\/v2\/posts\/22653\/revisions\/22654"}],"wp:featuredmedia":[{"embeddable":true,"href":"http:\/\/staging.ibermusicas.org\/index.php\/wp-json\/wp\/v2\/media\/22651"}],"wp:attachment":[{"href":"http:\/\/staging.ibermusicas.org\/index.php\/wp-json\/wp\/v2\/media?parent=22653"}],"wp:term":[{"taxonomy":"category","embeddable":true,"href":"http:\/\/staging.ibermusicas.org\/index.php\/wp-json\/wp\/v2\/categories?post=22653"},{"taxonomy":"post_tag","embeddable":true,"href":"http:\/\/staging.ibermusicas.org\/index.php\/wp-json\/wp\/v2\/tags?post=22653"}],"curies":[{"name":"wp","href":"https:\/\/api.w.org\/{rel}","templated":true}]}}