{"id":22655,"date":"2025-06-04T13:13:30","date_gmt":"2025-06-04T13:13:30","guid":{"rendered":"http:\/\/staging.ibermusicas.org\/?p=22655"},"modified":"2025-06-04T13:13:30","modified_gmt":"2025-06-04T13:13:30","slug":"ceci-juno-de-ecuador-presenta-su-taller-mujeres-al-frente-autogestion-musical","status":"publish","type":"post","link":"http:\/\/staging.ibermusicas.org\/index.php\/ceci-juno-de-ecuador-presenta-su-taller-mujeres-al-frente-autogestion-musical\/","title":{"rendered":"Ceci Juno de Ecuador presenta su taller \u201cMujeres al Frente: Autogesti\u00f3n Musical\u201d"},"content":{"rendered":"<p>Este taller online se enfoca en potenciar la independencia art\u00edstica, permitiendo que las mujeres tomen decisiones informadas y estrat\u00e9gicas sobre sus propios proyectos brind\u00e1ndoles las herramientas necesarias para llevar el control de sus carreras musicales. A lo largo de tres d\u00edas, las participantes aprender\u00e1n a gestionar sus proyectos de manera independiente y organizada, desde la planificaci\u00f3n de lanzamientos hasta la creaci\u00f3n de estrategias de marketing, branding personal, distribuci\u00f3n digital y el desarrollo de su base de seguidores.<\/p>\n<p>El taller incluye:<\/p>\n<p>\u25cf 7 horas de clases en vivo con profesionales de la industria<br \/>\n\u25cf 6 PDFs con el material te\u00f3rico revisado en clases<br \/>\n\u25cf 6 workbooks digitales con ejercicios y din\u00e1micas<br \/>\n\u25cf 2 PDFs con bibliograf\u00eda curada y recomendada<br \/>\n\u25cf Plantilla digital para desarrollo de un plan de acci\u00f3n para proyectos musicales<br \/>\n\u25cf Banco de recursos, redes de apoyo, e iniciativas por y para mujeres en la industria musical<br \/>\n\u25cf Participaci\u00f3n a sorteo por una beca completa al Club de la Canci\u00f3n de Ceci Juno<\/p>\n<p>Ceci Juno es una cantautora, compositora, musicoterapeuta, y tallerista ecuatoriana que vive en Ciudad de M\u00e9xico, desde donde trabaja en su carrera como artista independiente. Adicional a ser cantautora profesional, Ceci ha creado otras iniciativas en beneficio a la industria musical como el Club de la Canci\u00f3n, el programa Plan Autogesti\u00f3n, y Todo Sirve Podcast.<\/p>\n<p>Tambi\u00e9n ser\u00e1n parte de estos talleres Roc\u00edo Fuente y Guillermina Perrino. Roc\u00edo Fuente es la co-fundadora del Sello Discogr\u00e1fico ecuatoriano Poli Music y actual Directora de Marketing y Estrategia en Artent Group. Guillermina Perrino es m\u00fasica y compositora independiente oriunda de la ciudad de La Plata, Argentina y creadora de \u201cSomos M\u00fasicxs\u201d, una iniciativa para brindar asesoramiento para artistas independientes.<\/p>\n<p>Este taller online se hace posible gracias al apoyo del Programa Iberm\u00fasicas mediante su l\u00ednea de \u201cAyuda a proyectos virtuales\u201d, convocatoria 2024.<\/p>\n<p>\u25cf 3, 4 y 5 de junio en modalidad online<\/p>\n","protected":false},"excerpt":{"rendered":"<p>Este taller online se enfoca en potenciar la independencia art\u00edstica, permitiendo que las mujeres tomen decisiones informadas y estrat\u00e9gicas sobre sus propios proyectos brind\u00e1ndoles las herramientas necesarias para llevar el control de sus carreras musicales. A lo largo de tres d\u00edas, las participantes aprender\u00e1n a gestionar sus proyectos de manera independiente y organizada, desde la [&hellip;]<\/p>\n","protected":false},"author":7,"featured_media":22656,"comment_status":"closed","ping_status":"closed","sticky":false,"template":"","format":"standard","meta":{"footnotes":""},"categories":[53,48],"tags":[],"class_list":["post-22655","post","type-post","status-publish","format-standard","has-post-thumbnail","hentry","category-noticias-generales","category-noticias-rotativas"],"lang":"es","translations":{"es":22655,"pt":22658},"pll_sync_post":[],"post_mailing_queue_ids":[],"_links":{"self":[{"href":"http:\/\/staging.ibermusicas.org\/index.php\/wp-json\/wp\/v2\/posts\/22655","targetHints":{"allow":["GET"]}}],"collection":[{"href":"http:\/\/staging.ibermusicas.org\/index.php\/wp-json\/wp\/v2\/posts"}],"about":[{"href":"http:\/\/staging.ibermusicas.org\/index.php\/wp-json\/wp\/v2\/types\/post"}],"author":[{"embeddable":true,"href":"http:\/\/staging.ibermusicas.org\/index.php\/wp-json\/wp\/v2\/users\/7"}],"replies":[{"embeddable":true,"href":"http:\/\/staging.ibermusicas.org\/index.php\/wp-json\/wp\/v2\/comments?post=22655"}],"version-history":[{"count":1,"href":"http:\/\/staging.ibermusicas.org\/index.php\/wp-json\/wp\/v2\/posts\/22655\/revisions"}],"predecessor-version":[{"id":22657,"href":"http:\/\/staging.ibermusicas.org\/index.php\/wp-json\/wp\/v2\/posts\/22655\/revisions\/22657"}],"wp:featuredmedia":[{"embeddable":true,"href":"http:\/\/staging.ibermusicas.org\/index.php\/wp-json\/wp\/v2\/media\/22656"}],"wp:attachment":[{"href":"http:\/\/staging.ibermusicas.org\/index.php\/wp-json\/wp\/v2\/media?parent=22655"}],"wp:term":[{"taxonomy":"category","embeddable":true,"href":"http:\/\/staging.ibermusicas.org\/index.php\/wp-json\/wp\/v2\/categories?post=22655"},{"taxonomy":"post_tag","embeddable":true,"href":"http:\/\/staging.ibermusicas.org\/index.php\/wp-json\/wp\/v2\/tags?post=22655"}],"curies":[{"name":"wp","href":"https:\/\/api.w.org\/{rel}","templated":true}]}}