{"id":22658,"date":"2025-06-04T13:19:22","date_gmt":"2025-06-04T13:19:22","guid":{"rendered":"http:\/\/staging.ibermusicas.org\/?p=22658"},"modified":"2025-06-04T13:19:22","modified_gmt":"2025-06-04T13:19:22","slug":"ceci-juno-do-equador-apresenta-seu-workshop-mulheres-a-frente-autogestao-musical","status":"publish","type":"post","link":"http:\/\/staging.ibermusicas.org\/index.php\/ceci-juno-do-equador-apresenta-seu-workshop-mulheres-a-frente-autogestao-musical\/","title":{"rendered":"Ceci Juno, do Equador, apresenta seu workshop \u201cMulheres \u00e0 Frente: Autogest\u00e3o Musical\u201d"},"content":{"rendered":"<p>Este workshop online tem como foco potencializar a independ\u00eancia art\u00edstica, permitindo que as mulheres tomem decis\u00f5es informadas e estrat\u00e9gicas sobre seus pr\u00f3prios projetos, fornecendo-lhes as ferramentas necess\u00e1rias para controlar suas carreiras musicais. Ao longo de tr\u00eas dias, as participantes aprender\u00e3o a gerenciar seus projetos de forma independente e organizada, desde o planejamento de lan\u00e7amentos at\u00e9 a cria\u00e7\u00e3o de estrat\u00e9gias de marketing, branding pessoal, distribui\u00e7\u00e3o digital e desenvolvimento de sua base de f\u00e3s.<\/p>\n<p>O workshop inclui:<\/p>\n<ul>\n<li>7 horas de aulas ao vivo com profissionais da ind\u00fastria<\/li>\n<li>6 PDFs com o material te\u00f3rico revisado nas aulas<\/li>\n<li>6 cadernos digitais com exerc\u00edcios e din\u00e2micas<\/li>\n<li>2 PDFs com bibliografia selecionada e recomendada<\/li>\n<li>Modelo digital para desenvolvimento de um plano de a\u00e7\u00e3o para projetos musicais<\/li>\n<li>Banco de recursos, redes de apoio e iniciativas por e para mulheres na ind\u00fastria musical<\/li>\n<li>Participa\u00e7\u00e3o em sorteio de uma bolsa integral para o Club de la Canci\u00f3n de Ceci Juno<\/li>\n<\/ul>\n<p>&nbsp;<\/p>\n<p>Ceci Juno \u00e9 uma cantora, compositora, musicoterapeuta e palestrante equatoriana que vive na Cidade do M\u00e9xico, onde trabalha em sua carreira como artista independente. Al\u00e9m de ser cantora profissional, Ceci criou outras iniciativas em benef\u00edcio da ind\u00fastria musical, como o Club de la Canci\u00f3n, o programa Plan Autogesti\u00f3n e o Todo Sirve Podcast.<\/p>\n<p>&nbsp;<\/p>\n<p>Tamb\u00e9m far\u00e3o parte desses workshops Roc\u00edo Fuente e Guillermina Perrino. Roc\u00edo Fuente \u00e9 cofundadora da gravadora equatoriana Poli Music e atual diretora de marketing e estrat\u00e9gia do Artent Group. Guillermina Perrino \u00e9 musicista e compositora independente, natural da cidade de La Plata, Argentina, e criadora do \u201cSomos M\u00fasicxs\u201d, uma iniciativa para oferecer assessoria a artistas independentes.<\/p>\n<p>Este workshop online \u00e9 poss\u00edvel gra\u00e7as ao apoio do Programa Iberm\u00fasicas atrav\u00e9s da sua linha \u201cApoio a projetos virtuais\u201d, convocat\u00f3ria 2024.<\/p>\n<p>&nbsp;<\/p>\n<ul>\n<li>3, 4 e 5 de junho, em modalidade online<\/li>\n<\/ul>\n","protected":false},"excerpt":{"rendered":"<p>Este workshop online tem como foco potencializar a independ\u00eancia art\u00edstica, permitindo que as mulheres tomem decis\u00f5es informadas e estrat\u00e9gicas sobre seus pr\u00f3prios projetos, fornecendo-lhes as ferramentas necess\u00e1rias para controlar suas carreiras musicais. Ao longo de tr\u00eas dias, as participantes aprender\u00e3o a gerenciar seus projetos de forma independente e organizada, desde o planejamento de lan\u00e7amentos at\u00e9 [&hellip;]<\/p>\n","protected":false},"author":7,"featured_media":22656,"comment_status":"closed","ping_status":"closed","sticky":false,"template":"","format":"standard","meta":{"footnotes":""},"categories":[218,222],"tags":[],"class_list":["post-22658","post","type-post","status-publish","format-standard","has-post-thumbnail","hentry","category-noticias-generales-pt","category-noticias-rotativas-pt"],"lang":"pt","translations":{"pt":22658,"es":22655},"pll_sync_post":[],"post_mailing_queue_ids":[],"_links":{"self":[{"href":"http:\/\/staging.ibermusicas.org\/index.php\/wp-json\/wp\/v2\/posts\/22658","targetHints":{"allow":["GET"]}}],"collection":[{"href":"http:\/\/staging.ibermusicas.org\/index.php\/wp-json\/wp\/v2\/posts"}],"about":[{"href":"http:\/\/staging.ibermusicas.org\/index.php\/wp-json\/wp\/v2\/types\/post"}],"author":[{"embeddable":true,"href":"http:\/\/staging.ibermusicas.org\/index.php\/wp-json\/wp\/v2\/users\/7"}],"replies":[{"embeddable":true,"href":"http:\/\/staging.ibermusicas.org\/index.php\/wp-json\/wp\/v2\/comments?post=22658"}],"version-history":[{"count":1,"href":"http:\/\/staging.ibermusicas.org\/index.php\/wp-json\/wp\/v2\/posts\/22658\/revisions"}],"predecessor-version":[{"id":22659,"href":"http:\/\/staging.ibermusicas.org\/index.php\/wp-json\/wp\/v2\/posts\/22658\/revisions\/22659"}],"wp:featuredmedia":[{"embeddable":true,"href":"http:\/\/staging.ibermusicas.org\/index.php\/wp-json\/wp\/v2\/media\/22656"}],"wp:attachment":[{"href":"http:\/\/staging.ibermusicas.org\/index.php\/wp-json\/wp\/v2\/media?parent=22658"}],"wp:term":[{"taxonomy":"category","embeddable":true,"href":"http:\/\/staging.ibermusicas.org\/index.php\/wp-json\/wp\/v2\/categories?post=22658"},{"taxonomy":"post_tag","embeddable":true,"href":"http:\/\/staging.ibermusicas.org\/index.php\/wp-json\/wp\/v2\/tags?post=22658"}],"curies":[{"name":"wp","href":"https:\/\/api.w.org\/{rel}","templated":true}]}}