{"id":22660,"date":"2025-06-04T13:23:48","date_gmt":"2025-06-04T13:23:48","guid":{"rendered":"http:\/\/staging.ibermusicas.org\/?p=22660"},"modified":"2025-06-04T13:23:48","modified_gmt":"2025-06-04T13:23:48","slug":"la-artista-portuguesa-margarida-campelo-realiza-su-primera-gira-en-solitario-por-brasil","status":"publish","type":"post","link":"http:\/\/staging.ibermusicas.org\/index.php\/la-artista-portuguesa-margarida-campelo-realiza-su-primera-gira-en-solitario-por-brasil\/","title":{"rendered":"La artista portuguesa Margarida Campelo realiza su primera gira en solitario por Brasil"},"content":{"rendered":"<p>La artista portuguesa Margarida Campelo es una presencia recurrente y destacada como tecladista y cantante en bandas como Cassete Pirata, Joana Espadinha, Minta &amp; The Brook Trout y muchas m\u00e1s. Fue como vocalista de Bruno Pernadas cuando empez\u00f3 a ocupar con m\u00e1s frecuencia el centro del escenario. De hecho, fue con Pernadas con quien en 2024 subi\u00f3 a los escenarios del Manouche, en R\u00edo de Janeiro, y del SESC Pompeia, en S\u00e3o Paulo, que se llenaron para recibir al conjunto del m\u00fasico lisboeta.<\/p>\n<p>&nbsp;<\/p>\n<p>En 2025, Margarida Campelo lleva a Brasil su primer disco en solitario, Supermarket Joy (Discos Submarinos, 2023), en el que explora sin tapujos los territorios del pop, el soul, el R&amp;B y el jazz experimental, a varias ciudades brasile\u00f1as. La acompa\u00f1ar\u00e1n en el escenario Jo\u00e3o Correia (Tape Junk, Jorge Palma, Bruno Pernadas), Raquel Pimp\u00e3o (Femme Falafel) y Ant\u00f3nio Quintino (Cassete Pirata, Samuel \u00daria, Lu\u00edsa Sobral).<\/p>\n<p>&nbsp;<\/p>\n<p>Esta es la primera vez que Margarida Campelo presenta su m\u00fasica fuera de Portugal, donde, desde el lanzamiento de su \u00e1lbum, ha llenado salas como B.Leza y Lux Fr\u00e1gil, en Lisboa, y se ha presentado en festivales como Primavera Sound. A principios de a\u00f1o, se dio a conocer en el pa\u00eds en el Festival da Can\u00e7\u00e3o, al que fue invitada como autora, con su nuevo tema \u00abEu Sei que o Amor\u00bb.<\/p>\n<p>&nbsp;<\/p>\n<p>Esta primera gira de Margarida Campelo por Brasil es posible gracias al apoyo del Programa Iberm\u00fasicas a trav\u00e9s de la convocatoria \u00abApoyo a la circulaci\u00f3n de profesionales de la m\u00fasica\u00bb, 2024.<\/p>\n<p>&nbsp;<\/p>\n<ul>\n<li>4 de junio, 19 h: Dolores Club, R\u00edo de Janeiro<\/li>\n<li>6 de junio, 20 h: Centro Cultural SESIMINAS, Belo Horizonte, MG<\/li>\n<li>7 de junio, 19 h: Bar Alto, S\u00e3o Paulo, SP<\/li>\n<\/ul>\n","protected":false},"excerpt":{"rendered":"<p>La artista portuguesa Margarida Campelo es una presencia recurrente y destacada como tecladista y cantante en bandas como Cassete Pirata, Joana Espadinha, Minta &amp; The Brook Trout y muchas m\u00e1s. Fue como vocalista de Bruno Pernadas cuando empez\u00f3 a ocupar con m\u00e1s frecuencia el centro del escenario. De hecho, fue con Pernadas con quien en [&hellip;]<\/p>\n","protected":false},"author":7,"featured_media":22661,"comment_status":"closed","ping_status":"closed","sticky":false,"template":"","format":"standard","meta":{"footnotes":""},"categories":[53],"tags":[],"class_list":["post-22660","post","type-post","status-publish","format-standard","has-post-thumbnail","hentry","category-noticias-generales"],"lang":"es","translations":{"es":22660,"pt":22663},"pll_sync_post":[],"post_mailing_queue_ids":[],"_links":{"self":[{"href":"http:\/\/staging.ibermusicas.org\/index.php\/wp-json\/wp\/v2\/posts\/22660","targetHints":{"allow":["GET"]}}],"collection":[{"href":"http:\/\/staging.ibermusicas.org\/index.php\/wp-json\/wp\/v2\/posts"}],"about":[{"href":"http:\/\/staging.ibermusicas.org\/index.php\/wp-json\/wp\/v2\/types\/post"}],"author":[{"embeddable":true,"href":"http:\/\/staging.ibermusicas.org\/index.php\/wp-json\/wp\/v2\/users\/7"}],"replies":[{"embeddable":true,"href":"http:\/\/staging.ibermusicas.org\/index.php\/wp-json\/wp\/v2\/comments?post=22660"}],"version-history":[{"count":1,"href":"http:\/\/staging.ibermusicas.org\/index.php\/wp-json\/wp\/v2\/posts\/22660\/revisions"}],"predecessor-version":[{"id":22662,"href":"http:\/\/staging.ibermusicas.org\/index.php\/wp-json\/wp\/v2\/posts\/22660\/revisions\/22662"}],"wp:featuredmedia":[{"embeddable":true,"href":"http:\/\/staging.ibermusicas.org\/index.php\/wp-json\/wp\/v2\/media\/22661"}],"wp:attachment":[{"href":"http:\/\/staging.ibermusicas.org\/index.php\/wp-json\/wp\/v2\/media?parent=22660"}],"wp:term":[{"taxonomy":"category","embeddable":true,"href":"http:\/\/staging.ibermusicas.org\/index.php\/wp-json\/wp\/v2\/categories?post=22660"},{"taxonomy":"post_tag","embeddable":true,"href":"http:\/\/staging.ibermusicas.org\/index.php\/wp-json\/wp\/v2\/tags?post=22660"}],"curies":[{"name":"wp","href":"https:\/\/api.w.org\/{rel}","templated":true}]}}