{"id":22663,"date":"2025-06-04T13:25:40","date_gmt":"2025-06-04T13:25:40","guid":{"rendered":"http:\/\/staging.ibermusicas.org\/?p=22663"},"modified":"2025-06-04T13:25:40","modified_gmt":"2025-06-04T13:25:40","slug":"a-artista-portuguesa-margarida-campelo-realiza-sua-primeira-turne-em-nome-proprio-pelo-brasil","status":"publish","type":"post","link":"http:\/\/staging.ibermusicas.org\/index.php\/a-artista-portuguesa-margarida-campelo-realiza-sua-primeira-turne-em-nome-proprio-pelo-brasil\/","title":{"rendered":"A artista portuguesa Margarida Campelo realiza sua primeira turn\u00ea em nome pr\u00f3prio pelo Brasil"},"content":{"rendered":"<p>A artista portuguesa Margarida Campelo \u00e9 uma presen\u00e7a recorrente e marcante como teclista e cantora em bandas como Cassete Pirata, Joana Espadinha, Minta &amp; The Brook Trout e muitas mais. Foi como vocalista de Bruno Pernadas que passou a tomar o lugar central do palco com mais frequ\u00eancia. Foi com Pernadas, ali\u00e1s, que em 2024 subiu aos palcos do Manouche, no Rio de Janeiro, e do SESC Pompeia, em S\u00e3o Paulo, que encheram para receber o conjunto do m\u00fasico lisboeta.<\/p>\n<p>&nbsp;<\/p>\n<p>\u00c9, em 2025, que Margarida Campelo leva para Brasil o seu primeiro disco em nome pr\u00f3prio, Supermarket Joy (Discos Submarinos, 2023) no qual\u00a0explora, sem espinhas, os territ\u00f3rios do pop, soul, R&amp;B e jazz experimental, a v\u00e1rias cidades brasileiras. A acompanh\u00e1-la em palco estar\u00e3o Jo\u00e3o Correia (Tape Junk, Jorge Palma, Bruno Pernadas), Raquel Pimp\u00e3o (Femme Falafel) e Ant\u00f3nio Quintino (Cassete Pirata, Samuel \u00daria, Lu\u00edsa Sobral).<\/p>\n<p>&nbsp;<\/p>\n<p>Esta \u00e9 a primeira vez que Margarida Campelo apresenta a sua m\u00fasica fora de Portugal, onde desde o lan\u00e7amento do seu \u00e1lbum, encheu espa\u00e7os como o B.Leza e o Lux Fr\u00e1gil, em Lisboa, e apresentou-se em festivais como o Primavera Sound. No in\u00edcio do ano, mostrou-se ao pa\u00eds no Festival da Can\u00e7\u00e3o, para o qual foi uma das autoras convidadas, com o novo tema \u201cEu Sei que o Amor\u201d.<\/p>\n<p>&nbsp;<\/p>\n<p>Esta primeira turn\u00ea pelo Brasil de Margarida Campelo \u00e9 poss\u00edvel gra\u00e7as ao apoio do Programa Iberm\u00fasicas por meio do \u201cApoio \u00e0 circula\u00e7\u00e3o de profissionais da m\u00fasica\u201d, chamada 2024.<\/p>\n<p>&nbsp;<\/p>\n<ul>\n<li>4 de junho, 19h: Dolores Club, Rio de Janeiro<\/li>\n<li>6 de junho, 20h: Centro Cultural SESIMINAS, Belo Horizonte, MG<\/li>\n<li>7 de junho, 19h: Bar Alto, S\u00e3o Paulo, SP<\/li>\n<\/ul>\n","protected":false},"excerpt":{"rendered":"<p>A artista portuguesa Margarida Campelo \u00e9 uma presen\u00e7a recorrente e marcante como teclista e cantora em bandas como Cassete Pirata, Joana Espadinha, Minta &amp; The Brook Trout e muitas mais. Foi como vocalista de Bruno Pernadas que passou a tomar o lugar central do palco com mais frequ\u00eancia. Foi com Pernadas, ali\u00e1s, que em 2024 [&hellip;]<\/p>\n","protected":false},"author":7,"featured_media":22661,"comment_status":"closed","ping_status":"closed","sticky":false,"template":"","format":"standard","meta":{"footnotes":""},"categories":[218],"tags":[],"class_list":["post-22663","post","type-post","status-publish","format-standard","has-post-thumbnail","hentry","category-noticias-generales-pt"],"lang":"pt","translations":{"pt":22663,"es":22660},"pll_sync_post":[],"post_mailing_queue_ids":[],"_links":{"self":[{"href":"http:\/\/staging.ibermusicas.org\/index.php\/wp-json\/wp\/v2\/posts\/22663","targetHints":{"allow":["GET"]}}],"collection":[{"href":"http:\/\/staging.ibermusicas.org\/index.php\/wp-json\/wp\/v2\/posts"}],"about":[{"href":"http:\/\/staging.ibermusicas.org\/index.php\/wp-json\/wp\/v2\/types\/post"}],"author":[{"embeddable":true,"href":"http:\/\/staging.ibermusicas.org\/index.php\/wp-json\/wp\/v2\/users\/7"}],"replies":[{"embeddable":true,"href":"http:\/\/staging.ibermusicas.org\/index.php\/wp-json\/wp\/v2\/comments?post=22663"}],"version-history":[{"count":1,"href":"http:\/\/staging.ibermusicas.org\/index.php\/wp-json\/wp\/v2\/posts\/22663\/revisions"}],"predecessor-version":[{"id":22664,"href":"http:\/\/staging.ibermusicas.org\/index.php\/wp-json\/wp\/v2\/posts\/22663\/revisions\/22664"}],"wp:featuredmedia":[{"embeddable":true,"href":"http:\/\/staging.ibermusicas.org\/index.php\/wp-json\/wp\/v2\/media\/22661"}],"wp:attachment":[{"href":"http:\/\/staging.ibermusicas.org\/index.php\/wp-json\/wp\/v2\/media?parent=22663"}],"wp:term":[{"taxonomy":"category","embeddable":true,"href":"http:\/\/staging.ibermusicas.org\/index.php\/wp-json\/wp\/v2\/categories?post=22663"},{"taxonomy":"post_tag","embeddable":true,"href":"http:\/\/staging.ibermusicas.org\/index.php\/wp-json\/wp\/v2\/tags?post=22663"}],"curies":[{"name":"wp","href":"https:\/\/api.w.org\/{rel}","templated":true}]}}