{"id":22665,"date":"2025-06-04T13:27:11","date_gmt":"2025-06-04T13:27:11","guid":{"rendered":"http:\/\/staging.ibermusicas.org\/?p=22665"},"modified":"2025-06-04T13:27:11","modified_gmt":"2025-06-04T13:27:11","slug":"el-primavera-pro-de-barcelona-invita-a-participar-de-sus-speed-meetings","status":"publish","type":"post","link":"http:\/\/staging.ibermusicas.org\/index.php\/el-primavera-pro-de-barcelona-invita-a-participar-de-sus-speed-meetings\/","title":{"rendered":"El Primavera Pro de Barcelona invita a participar de sus speed meetings"},"content":{"rendered":"<p>El Primavera Pro propone una sesi\u00f3n \u00e1gil para descubrir y conectar con algunos de los promotores m\u00e1s relevantes de Am\u00e9rica Latina. Ideal para artistas y profesionales que buscan alianzas y visibilidad.<\/p>\n<p>&nbsp;<\/p>\n<p>Con el prop\u00f3sito de fortalecer el di\u00e1logo para consolidar la red de profesionales iberoamericanos, el Primavera Pro contin\u00faa invitando a expertos latinoamericanos, creando y afianzando la vinculaci\u00f3n iberoamericana. El prop\u00f3sito es abordar los retos y oportunidades que enfrenta la industria musical, tales como eliminar barreras, superar limitaciones econ\u00f3micas, impulsar la colaboraci\u00f3n creativa y empresarial, y conservar y promover las tradiciones musicales de cada regi\u00f3n. Esta propuesta tiene como meta educar e inspirar a los asistentes sobre las mejores estrategias para acceder a los mercados iberoamericanos, promoviendo la cooperaci\u00f3n y el intercambio de ideas.<\/p>\n<p>&nbsp;<\/p>\n<p>Los profesionales invitados son: Diana Glusberg (Niceto Club, Argentina), Lalo Rojas (Caballeros, M\u00e9xico), Fernando Dotta (Balaclava Records, Brasil) y Melanie Eselevsky (Move Concerts, Argentina).<\/p>\n<p>&nbsp;<\/p>\n<p>La participaci\u00f3n de los invitados extranjeros se hace posible gracias al apoyo de Iberm\u00fasicas mediante su l\u00ednea de \u201cAyuda a la programaci\u00f3n musical\u201d, convocatoria 2024.<\/p>\n<p>&nbsp;<\/p>\n<ul>\n<li>5 de junio, 16h a 17h: Speed meetings en el Hall del Centro de Cultura Contempo\u00e0nia de Barcelona<\/li>\n<\/ul>\n","protected":false},"excerpt":{"rendered":"<p>El Primavera Pro propone una sesi\u00f3n \u00e1gil para descubrir y conectar con algunos de los promotores m\u00e1s relevantes de Am\u00e9rica Latina. Ideal para artistas y profesionales que buscan alianzas y visibilidad. &nbsp; Con el prop\u00f3sito de fortalecer el di\u00e1logo para consolidar la red de profesionales iberoamericanos, el Primavera Pro contin\u00faa invitando a expertos latinoamericanos, creando [&hellip;]<\/p>\n","protected":false},"author":7,"featured_media":22666,"comment_status":"closed","ping_status":"closed","sticky":false,"template":"","format":"standard","meta":{"footnotes":""},"categories":[53,48],"tags":[],"class_list":["post-22665","post","type-post","status-publish","format-standard","has-post-thumbnail","hentry","category-noticias-generales","category-noticias-rotativas"],"lang":"es","translations":{"es":22665,"pt":22668},"pll_sync_post":[],"post_mailing_queue_ids":[],"_links":{"self":[{"href":"http:\/\/staging.ibermusicas.org\/index.php\/wp-json\/wp\/v2\/posts\/22665","targetHints":{"allow":["GET"]}}],"collection":[{"href":"http:\/\/staging.ibermusicas.org\/index.php\/wp-json\/wp\/v2\/posts"}],"about":[{"href":"http:\/\/staging.ibermusicas.org\/index.php\/wp-json\/wp\/v2\/types\/post"}],"author":[{"embeddable":true,"href":"http:\/\/staging.ibermusicas.org\/index.php\/wp-json\/wp\/v2\/users\/7"}],"replies":[{"embeddable":true,"href":"http:\/\/staging.ibermusicas.org\/index.php\/wp-json\/wp\/v2\/comments?post=22665"}],"version-history":[{"count":1,"href":"http:\/\/staging.ibermusicas.org\/index.php\/wp-json\/wp\/v2\/posts\/22665\/revisions"}],"predecessor-version":[{"id":22667,"href":"http:\/\/staging.ibermusicas.org\/index.php\/wp-json\/wp\/v2\/posts\/22665\/revisions\/22667"}],"wp:featuredmedia":[{"embeddable":true,"href":"http:\/\/staging.ibermusicas.org\/index.php\/wp-json\/wp\/v2\/media\/22666"}],"wp:attachment":[{"href":"http:\/\/staging.ibermusicas.org\/index.php\/wp-json\/wp\/v2\/media?parent=22665"}],"wp:term":[{"taxonomy":"category","embeddable":true,"href":"http:\/\/staging.ibermusicas.org\/index.php\/wp-json\/wp\/v2\/categories?post=22665"},{"taxonomy":"post_tag","embeddable":true,"href":"http:\/\/staging.ibermusicas.org\/index.php\/wp-json\/wp\/v2\/tags?post=22665"}],"curies":[{"name":"wp","href":"https:\/\/api.w.org\/{rel}","templated":true}]}}