{"id":22668,"date":"2025-06-04T13:28:28","date_gmt":"2025-06-04T13:28:28","guid":{"rendered":"http:\/\/staging.ibermusicas.org\/?p=22668"},"modified":"2025-06-04T13:28:28","modified_gmt":"2025-06-04T13:28:28","slug":"o-primavera-pro-de-barcelona-convida-a-participar-de-seus-speed-meetings","status":"publish","type":"post","link":"http:\/\/staging.ibermusicas.org\/index.php\/o-primavera-pro-de-barcelona-convida-a-participar-de-seus-speed-meetings\/","title":{"rendered":"O Primavera Pro de Barcelona convida a participar de seus speed meetings"},"content":{"rendered":"<p>O Primavera Pro prop\u00f5e uma sess\u00e3o \u00e1gil para descobrir e conectar-se com alguns dos promotores mais relevantes da Am\u00e9rica Latina. Ideal para artistas e profissionais que buscam parcerias e visibilidade.<\/p>\n<p>&nbsp;<\/p>\n<p>Com o objetivo de fortalecer o di\u00e1logo para consolidar a rede de profissionais ibero-americanos, o Primavera Pro continua convidando especialistas latino-americanos, criando e fortalecendo os la\u00e7os ibero-americanos. O objetivo \u00e9 abordar os desafios e oportunidades que a ind\u00fastria musical enfrenta, tais como eliminar barreiras, superar limita\u00e7\u00f5es econ\u00f4micas, impulsionar a colabora\u00e7\u00e3o criativa e empresarial, e preservar e promover as tradi\u00e7\u00f5es musicais de cada regi\u00e3o. Esta proposta tem como objetivo educar e inspirar os participantes sobre as melhores estrat\u00e9gias para acessar os mercados ibero-americanos, promovendo a coopera\u00e7\u00e3o e o interc\u00e2mbio de ideias.<\/p>\n<p>&nbsp;<\/p>\n<p>Os profissionais convidados s\u00e3o: Diana Glusberg (Niceto Club, Argentina), Lalo Rojas (Caballeros, M\u00e9xico), Fernando Dotta (Balaclava Records, Brasil) e Melanie Eselevsky (Move Concerts, Argentina).<\/p>\n<p>&nbsp;<\/p>\n<p>A participa\u00e7\u00e3o dos convidados estrangeiros \u00e9 poss\u00edvel gra\u00e7as ao apoio da Iberm\u00fasicas atrav\u00e9s da sua linha de \u201cApoio \u00e0 programa\u00e7\u00e3o musical\u201d, convocat\u00f3ria 2024.<\/p>\n<p>&nbsp;<\/p>\n<ul>\n<li>5 de junho, das 16h \u00e0s 17h: Speed meetings no Hall do Centro de Cultura Contempo\u00e0nia de Barcelona<\/li>\n<\/ul>\n","protected":false},"excerpt":{"rendered":"<p>O Primavera Pro prop\u00f5e uma sess\u00e3o \u00e1gil para descobrir e conectar-se com alguns dos promotores mais relevantes da Am\u00e9rica Latina. Ideal para artistas e profissionais que buscam parcerias e visibilidade. &nbsp; Com o objetivo de fortalecer o di\u00e1logo para consolidar a rede de profissionais ibero-americanos, o Primavera Pro continua convidando especialistas latino-americanos, criando e fortalecendo [&hellip;]<\/p>\n","protected":false},"author":7,"featured_media":22666,"comment_status":"closed","ping_status":"closed","sticky":false,"template":"","format":"standard","meta":{"footnotes":""},"categories":[218,222],"tags":[],"class_list":["post-22668","post","type-post","status-publish","format-standard","has-post-thumbnail","hentry","category-noticias-generales-pt","category-noticias-rotativas-pt"],"lang":"pt","translations":{"pt":22668,"es":22665},"pll_sync_post":[],"post_mailing_queue_ids":[],"_links":{"self":[{"href":"http:\/\/staging.ibermusicas.org\/index.php\/wp-json\/wp\/v2\/posts\/22668","targetHints":{"allow":["GET"]}}],"collection":[{"href":"http:\/\/staging.ibermusicas.org\/index.php\/wp-json\/wp\/v2\/posts"}],"about":[{"href":"http:\/\/staging.ibermusicas.org\/index.php\/wp-json\/wp\/v2\/types\/post"}],"author":[{"embeddable":true,"href":"http:\/\/staging.ibermusicas.org\/index.php\/wp-json\/wp\/v2\/users\/7"}],"replies":[{"embeddable":true,"href":"http:\/\/staging.ibermusicas.org\/index.php\/wp-json\/wp\/v2\/comments?post=22668"}],"version-history":[{"count":1,"href":"http:\/\/staging.ibermusicas.org\/index.php\/wp-json\/wp\/v2\/posts\/22668\/revisions"}],"predecessor-version":[{"id":22669,"href":"http:\/\/staging.ibermusicas.org\/index.php\/wp-json\/wp\/v2\/posts\/22668\/revisions\/22669"}],"wp:featuredmedia":[{"embeddable":true,"href":"http:\/\/staging.ibermusicas.org\/index.php\/wp-json\/wp\/v2\/media\/22666"}],"wp:attachment":[{"href":"http:\/\/staging.ibermusicas.org\/index.php\/wp-json\/wp\/v2\/media?parent=22668"}],"wp:term":[{"taxonomy":"category","embeddable":true,"href":"http:\/\/staging.ibermusicas.org\/index.php\/wp-json\/wp\/v2\/categories?post=22668"},{"taxonomy":"post_tag","embeddable":true,"href":"http:\/\/staging.ibermusicas.org\/index.php\/wp-json\/wp\/v2\/tags?post=22668"}],"curies":[{"name":"wp","href":"https:\/\/api.w.org\/{rel}","templated":true}]}}