{"id":22670,"date":"2025-06-04T13:30:13","date_gmt":"2025-06-04T13:30:13","guid":{"rendered":"http:\/\/staging.ibermusicas.org\/?p=22670"},"modified":"2025-06-04T13:30:13","modified_gmt":"2025-06-04T13:30:13","slug":"se-realiza-en-peru-la-cuarta-edicion-del-festival-internacional-rima-que-rima","status":"publish","type":"post","link":"http:\/\/staging.ibermusicas.org\/index.php\/se-realiza-en-peru-la-cuarta-edicion-del-festival-internacional-rima-que-rima\/","title":{"rendered":"Se realiza en Per\u00fa la cuarta edici\u00f3n del Festival Internacional Rima que Rima"},"content":{"rendered":"<p>El IV Festival Internacional Rima que Rima se llevar\u00e1 a cabo en Per\u00fa en Lima y Hu\u00e1nuco. Esta edici\u00f3n conmemorar\u00e1 el centenario del nacimiento de Nicomedes Santa Cruz, Blanca Rosa Nava L\u00f3pez y Francisca Isabel Sotelo Baselli, figuras clave en la preservaci\u00f3n y difusi\u00f3n de la d\u00e9cima y la poes\u00eda oral en el Per\u00fa.<\/p>\n<p>&nbsp;<\/p>\n<p>Este festival gratuito busca fortalecer la pr\u00e1ctica, difusi\u00f3n e innovaci\u00f3n de las expresiones po\u00e9tico-musicales, promoviendo el di\u00e1logo intercultural entre artistas de distintas regiones de Iberoam\u00e9rica. Con actividades que abarcan galas, talleres, conversatorios y laboratorios de creaci\u00f3n, el evento se consolida como una plataforma internacional para el intercambio y la difusi\u00f3n de las artes vivas.<\/p>\n<p>&nbsp;<\/p>\n<p>A lo largo de sus tres ediciones anteriores, el festival ha consolidado un espacio de encuentro para artistas internacionales, funcionando como una plataforma de di\u00e1logo e intercambio art\u00edstico. En esta edici\u00f3n, la celebraci\u00f3n del centenario de Nicomedes Santa Cruz se convierte en un evento relevante para la revalorizaci\u00f3n de la d\u00e9cima y otras formas de poes\u00eda oral en un contexto contempor\u00e1neo. La participaci\u00f3n de artistas de Panam\u00e1, Colombia, Chile y Espa\u00f1a enriquecer\u00e1 la programaci\u00f3n, fortaleciendo las conexiones culturales en Iberoam\u00e9rica.<\/p>\n<p>&nbsp;<\/p>\n<p>El Festival Internacional Rima que Rima contribuye al creciente desarrollo de corredores culturales entre Per\u00fa e Iberoam\u00e9rica, facilitando la circulaci\u00f3n de artistas y el intercambio de conocimientos. Alineado con los principios de Iberm\u00fasicas y los Objetivos de Desarrollo Sostenible, el festival promueve la igualdad de g\u00e9nero y el desarrollo sostenible en el \u00e1mbito cultural.<\/p>\n<p>&nbsp;<\/p>\n<p>Participan de esta edici\u00f3n de Rima que Rima: por Per\u00fa: Mar\u00eda Hayde\u00e9 Guerra Berrios, Manuel Octavio Zavala Santa Cruz y Miguel Reinoso C\u00f3rdova; por Espa\u00f1a: Francisco Miguel Ponce Pe\u00f1a \u00abEl Lagunero\u00bb e Iv\u00e1n L\u00f3pez Navarro; por Colombia Colombia: Leidy Mej\u00eda y Adriana Mu\u00f1oz \u00abLa Ardilla\u00bb, por Panam\u00e1: Jazm\u00edn Mu\u00f1oz y Jos\u00e9 Augusto Broce y por Chile: Emma Madariaga Valladares.<\/p>\n<p>&nbsp;<\/p>\n<p>Esta edici\u00f3n del Festival Rima que Rima, cuenta con el apoyo del Programa Iberm\u00fasica por medio de la l\u00ednea \u201cAyuda a la programaci\u00f3n musical\u201d, convocatoria 2024.<\/p>\n<p>&nbsp;<\/p>\n<p>Del 7 al 23 de junio de 2025 en Lima y Hu\u00e1nuco, Per\u00fa<\/p>\n","protected":false},"excerpt":{"rendered":"<p>El IV Festival Internacional Rima que Rima se llevar\u00e1 a cabo en Per\u00fa en Lima y Hu\u00e1nuco. Esta edici\u00f3n conmemorar\u00e1 el centenario del nacimiento de Nicomedes Santa Cruz, Blanca Rosa Nava L\u00f3pez y Francisca Isabel Sotelo Baselli, figuras clave en la preservaci\u00f3n y difusi\u00f3n de la d\u00e9cima y la poes\u00eda oral en el Per\u00fa. &nbsp; [&hellip;]<\/p>\n","protected":false},"author":7,"featured_media":22671,"comment_status":"closed","ping_status":"closed","sticky":false,"template":"","format":"standard","meta":{"footnotes":""},"categories":[53,48],"tags":[],"class_list":["post-22670","post","type-post","status-publish","format-standard","has-post-thumbnail","hentry","category-noticias-generales","category-noticias-rotativas"],"lang":"es","translations":{"es":22670,"pt":22674},"pll_sync_post":[],"post_mailing_queue_ids":[],"_links":{"self":[{"href":"http:\/\/staging.ibermusicas.org\/index.php\/wp-json\/wp\/v2\/posts\/22670","targetHints":{"allow":["GET"]}}],"collection":[{"href":"http:\/\/staging.ibermusicas.org\/index.php\/wp-json\/wp\/v2\/posts"}],"about":[{"href":"http:\/\/staging.ibermusicas.org\/index.php\/wp-json\/wp\/v2\/types\/post"}],"author":[{"embeddable":true,"href":"http:\/\/staging.ibermusicas.org\/index.php\/wp-json\/wp\/v2\/users\/7"}],"replies":[{"embeddable":true,"href":"http:\/\/staging.ibermusicas.org\/index.php\/wp-json\/wp\/v2\/comments?post=22670"}],"version-history":[{"count":1,"href":"http:\/\/staging.ibermusicas.org\/index.php\/wp-json\/wp\/v2\/posts\/22670\/revisions"}],"predecessor-version":[{"id":22672,"href":"http:\/\/staging.ibermusicas.org\/index.php\/wp-json\/wp\/v2\/posts\/22670\/revisions\/22672"}],"wp:featuredmedia":[{"embeddable":true,"href":"http:\/\/staging.ibermusicas.org\/index.php\/wp-json\/wp\/v2\/media\/22671"}],"wp:attachment":[{"href":"http:\/\/staging.ibermusicas.org\/index.php\/wp-json\/wp\/v2\/media?parent=22670"}],"wp:term":[{"taxonomy":"category","embeddable":true,"href":"http:\/\/staging.ibermusicas.org\/index.php\/wp-json\/wp\/v2\/categories?post=22670"},{"taxonomy":"post_tag","embeddable":true,"href":"http:\/\/staging.ibermusicas.org\/index.php\/wp-json\/wp\/v2\/tags?post=22670"}],"curies":[{"name":"wp","href":"https:\/\/api.w.org\/{rel}","templated":true}]}}