{"id":22674,"date":"2025-06-04T13:31:42","date_gmt":"2025-06-04T13:31:42","guid":{"rendered":"http:\/\/staging.ibermusicas.org\/?p=22674"},"modified":"2025-06-04T13:31:42","modified_gmt":"2025-06-04T13:31:42","slug":"a-quarta-edicao-do-festival-internacional-rima-que-rima-sera-realizada-no-peru","status":"publish","type":"post","link":"http:\/\/staging.ibermusicas.org\/index.php\/a-quarta-edicao-do-festival-internacional-rima-que-rima-sera-realizada-no-peru\/","title":{"rendered":"A quarta edi\u00e7\u00e3o do Festival Internacional Rima que Rima ser\u00e1 realizada no Peru"},"content":{"rendered":"<p>O IV Festival Internacional Rima que Rima ser\u00e1 realizado no Peru, em Lima e Hu\u00e1nuco. Esta edi\u00e7\u00e3o comemora o centen\u00e1rio do nascimento de Nicomedes Santa Cruz, Blanca Rosa Nava L\u00f3pez e Francisca Isabel Sotelo Baselli, figuras importantes na preserva\u00e7\u00e3o e difus\u00e3o da d\u00e9cima e da poesia oral no Peru.<\/p>\n<p>&nbsp;<\/p>\n<p>Este festival gratuito busca fortalecer a pr\u00e1tica, a difus\u00e3o e a inova\u00e7\u00e3o das express\u00f5es po\u00e9tico-musicais, promovendo o di\u00e1logo intercultural entre artistas de diferentes regi\u00f5es da Ibero-Am\u00e9rica. Com atividades que incluem galas, workshops, palestras e laborat\u00f3rios de cria\u00e7\u00e3o, o evento se consolida como uma plataforma internacional para o interc\u00e2mbio e a difus\u00e3o das artes vivas.<\/p>\n<p>&nbsp;<\/p>\n<p>Ao longo de suas tr\u00eas edi\u00e7\u00f5es anteriores, o festival consolidou um espa\u00e7o de encontro para artistas internacionais, funcionando como uma plataforma de di\u00e1logo e interc\u00e2mbio art\u00edstico. Nesta edi\u00e7\u00e3o, a celebra\u00e7\u00e3o do centen\u00e1rio de Nicomedes Santa Cruz torna-se um evento relevante para a revaloriza\u00e7\u00e3o da d\u00e9cima e de outras formas de poesia oral num contexto contempor\u00e2neo. A participa\u00e7\u00e3o de artistas do Panam\u00e1, Col\u00f4mbia, Chile e Espanha enriquecer\u00e1 a programa\u00e7\u00e3o, fortalecendo as conex\u00f5es culturais na Ibero-Am\u00e9rica.<\/p>\n<p>&nbsp;<\/p>\n<p>O Festival Internacional Rima que Rima contribui para o crescente desenvolvimento de corredores culturais entre o Peru e a Ibero-Am\u00e9rica, facilitando a circula\u00e7\u00e3o de artistas e o interc\u00e2mbio de conhecimentos. Alinhado com os princ\u00edpios do Programa Iberm\u00fasicas e os Objetivos de Desenvolvimento Sustent\u00e1vel, o festival promove a igualdade de g\u00eanero e o desenvolvimento sustent\u00e1vel no \u00e2mbito cultural.<\/p>\n<p>&nbsp;<\/p>\n<p>Participam desta edi\u00e7\u00e3o do Rima que Rima: pelo Peru: Mar\u00eda Hayde\u00e9 Guerra Berrios, Manuel Octavio Zavala Santa Cruz e Miguel Reinoso C\u00f3rdova; pela Espanha: Francisco Miguel Ponce Pe\u00f1a \u201cEl Lagunero\u201d e Iv\u00e1n L\u00f3pez Navarro; pela Col\u00f4mbia: Leidy Mej\u00eda e Adriana Mu\u00f1oz \u201cLa Ardilla\u201d; pelo Panam\u00e1: Jazm\u00edn Mu\u00f1oz e Jos\u00e9 Augusto Broce; e pelo Chile: Emma Madariaga Valladares.<\/p>\n<p>&nbsp;<\/p>\n<p>Esta edi\u00e7\u00e3o do Festival Rima que Rima conta com o apoio do Programa Iberm\u00fasica atrav\u00e9s da linha \u201cApoio \u00e0 programa\u00e7\u00e3o musical\u201d, convocat\u00f3ria 2024.<\/p>\n<p>&nbsp;<\/p>\n<ul>\n<li>De 7 a 23 de junho de 2025 em Lima e Hu\u00e1nuco, Peru<\/li>\n<\/ul>\n","protected":false},"excerpt":{"rendered":"<p>O IV Festival Internacional Rima que Rima ser\u00e1 realizado no Peru, em Lima e Hu\u00e1nuco. Esta edi\u00e7\u00e3o comemora o centen\u00e1rio do nascimento de Nicomedes Santa Cruz, Blanca Rosa Nava L\u00f3pez e Francisca Isabel Sotelo Baselli, figuras importantes na preserva\u00e7\u00e3o e difus\u00e3o da d\u00e9cima e da poesia oral no Peru. &nbsp; Este festival gratuito busca fortalecer [&hellip;]<\/p>\n","protected":false},"author":7,"featured_media":22671,"comment_status":"closed","ping_status":"closed","sticky":false,"template":"","format":"standard","meta":{"footnotes":""},"categories":[218,222],"tags":[],"class_list":["post-22674","post","type-post","status-publish","format-standard","has-post-thumbnail","hentry","category-noticias-generales-pt","category-noticias-rotativas-pt"],"lang":"pt","translations":{"pt":22674,"es":22670},"pll_sync_post":[],"post_mailing_queue_ids":[],"_links":{"self":[{"href":"http:\/\/staging.ibermusicas.org\/index.php\/wp-json\/wp\/v2\/posts\/22674","targetHints":{"allow":["GET"]}}],"collection":[{"href":"http:\/\/staging.ibermusicas.org\/index.php\/wp-json\/wp\/v2\/posts"}],"about":[{"href":"http:\/\/staging.ibermusicas.org\/index.php\/wp-json\/wp\/v2\/types\/post"}],"author":[{"embeddable":true,"href":"http:\/\/staging.ibermusicas.org\/index.php\/wp-json\/wp\/v2\/users\/7"}],"replies":[{"embeddable":true,"href":"http:\/\/staging.ibermusicas.org\/index.php\/wp-json\/wp\/v2\/comments?post=22674"}],"version-history":[{"count":1,"href":"http:\/\/staging.ibermusicas.org\/index.php\/wp-json\/wp\/v2\/posts\/22674\/revisions"}],"predecessor-version":[{"id":22676,"href":"http:\/\/staging.ibermusicas.org\/index.php\/wp-json\/wp\/v2\/posts\/22674\/revisions\/22676"}],"wp:featuredmedia":[{"embeddable":true,"href":"http:\/\/staging.ibermusicas.org\/index.php\/wp-json\/wp\/v2\/media\/22671"}],"wp:attachment":[{"href":"http:\/\/staging.ibermusicas.org\/index.php\/wp-json\/wp\/v2\/media?parent=22674"}],"wp:term":[{"taxonomy":"category","embeddable":true,"href":"http:\/\/staging.ibermusicas.org\/index.php\/wp-json\/wp\/v2\/categories?post=22674"},{"taxonomy":"post_tag","embeddable":true,"href":"http:\/\/staging.ibermusicas.org\/index.php\/wp-json\/wp\/v2\/tags?post=22674"}],"curies":[{"name":"wp","href":"https:\/\/api.w.org\/{rel}","templated":true}]}}