{"id":22677,"date":"2025-06-04T14:02:37","date_gmt":"2025-06-04T14:02:37","guid":{"rendered":"http:\/\/staging.ibermusicas.org\/?p=22677"},"modified":"2025-06-04T14:02:37","modified_gmt":"2025-06-04T14:02:37","slug":"comienza-la-segunda-etapa-del-proyecto-internacional-de-intercambio-cultural-entre-orquestas-de-argentina-y-mexico-para-la-difusion-de-obras-sinfonicas","status":"publish","type":"post","link":"http:\/\/staging.ibermusicas.org\/index.php\/comienza-la-segunda-etapa-del-proyecto-internacional-de-intercambio-cultural-entre-orquestas-de-argentina-y-mexico-para-la-difusion-de-obras-sinfonicas\/","title":{"rendered":"Comienza la segunda etapa del proyecto internacional de intercambio cultural entre orquestas de Argentina y M\u00e9xico para la difusi\u00f3n de obras sinf\u00f3nicas"},"content":{"rendered":"<p>Se trata de un proyecto de intercambio cultural entre M\u00e9xico y Argentina para la difusi\u00f3n de repertorio sinf\u00f3nico orquestal, m\u00fasica tradicional y nueva m\u00fasica de compositoras y compositores en actividad, ofreciendo conciertos, estreno de obras, conferencias y clases magistrales para estudiantes de m\u00fasica y p\u00fablico en general.<\/p>\n<p>&nbsp;<\/p>\n<p>Se realizar\u00e1 un trabajo colaborativo de dos orquestas. Del lado de M\u00e9xico, la Orquesta Sinf\u00f3nica de Yucat\u00e1n recibir\u00e1 a un director y a un compositor argentino, para presentar un concierto con un programa sinf\u00f3nico de obras de compositoras y compositores argentinos y del lado de Argentina, la Orquesta Filarm\u00f3nica de R\u00edo Negro recibi\u00f3 en el mes de mayo a un director y a un compositor mexicano.<\/p>\n<p>&nbsp;<\/p>\n<p>Durante su estad\u00eda, los dos compositores invitados estar\u00e1n preparando el estreno de su obra con la orquesta y tambi\u00e9n dedicar\u00e1n ese tiempo a dar una clase magistral y una conferencia sobre los repertorios que van a llevar, hablando sobre la est\u00e9tica de su composici\u00f3n y dando clases a los j\u00f3venes interesados. As\u00ed mismo, los directores dar\u00e1n clases de direcci\u00f3n orquestal para los directores m\u00e1s j\u00f3venes, sobre repertorio de m\u00fasica argentina y m\u00fasica mexicana.<\/p>\n<p>&nbsp;<\/p>\n<p>La propuesta procura que a partir de este intercambio se logren crear lazos entre estos dos pa\u00edses hermanos, para fomentar que en un futuro se hagan m\u00e1s intercambios y conciertos de este tipo y as\u00ed los compositores, m\u00fasicos y directores de ambos pa\u00edses se den a conocer y lleven su m\u00fasica a m\u00e1s o\u00eddos y donde el p\u00fablico de ambos pa\u00edses se enriquezca tambi\u00e9n con la experiencia.<\/p>\n<p>&nbsp;<\/p>\n<p>El programa de los conciertos dirigidos por Mart\u00edn Fraile estar\u00e1 compuesto por Preludio lejan\u00eda de Mauricio Charbonnier, Poema Sinf\u00f3nico No. 1 \u00abSobre los Cristales del Mundo\u00bb (Estreno mundial) de Mauricio Charbonnier, Suite Estancia de Alberto Ginastera, Tangazzo de Astor Piazzolla, Las 4 Estaciones Porte\u00f1as para Viol\u00edn y Orquesta, arr. Marcelo Rebuffi de Astor Piazzolla y Adi\u00f3s Nonino de Astor Piazzolla.<\/p>\n<p>&nbsp;<\/p>\n<p>Este proyecto se realiza con el apoyo del Programa Iberm\u00fasicas por medio de su l\u00ednea de Ayuda a la circulaci\u00f3n de profesionales de la m\u00fasica, convocatoria 2024.<\/p>\n<p>&nbsp;<\/p>\n<p>Del 9 al 15 de junio en M\u00e9rida, M\u00e9xico<\/p>\n","protected":false},"excerpt":{"rendered":"<p>Se trata de un proyecto de intercambio cultural entre M\u00e9xico y Argentina para la difusi\u00f3n de repertorio sinf\u00f3nico orquestal, m\u00fasica tradicional y nueva m\u00fasica de compositoras y compositores en actividad, ofreciendo conciertos, estreno de obras, conferencias y clases magistrales para estudiantes de m\u00fasica y p\u00fablico en general. &nbsp; Se realizar\u00e1 un trabajo colaborativo de dos [&hellip;]<\/p>\n","protected":false},"author":7,"featured_media":22678,"comment_status":"closed","ping_status":"closed","sticky":false,"template":"","format":"standard","meta":{"footnotes":""},"categories":[53,48],"tags":[],"class_list":["post-22677","post","type-post","status-publish","format-standard","has-post-thumbnail","hentry","category-noticias-generales","category-noticias-rotativas"],"lang":"es","translations":{"es":22677,"pt":22680},"pll_sync_post":[],"post_mailing_queue_ids":[],"_links":{"self":[{"href":"http:\/\/staging.ibermusicas.org\/index.php\/wp-json\/wp\/v2\/posts\/22677","targetHints":{"allow":["GET"]}}],"collection":[{"href":"http:\/\/staging.ibermusicas.org\/index.php\/wp-json\/wp\/v2\/posts"}],"about":[{"href":"http:\/\/staging.ibermusicas.org\/index.php\/wp-json\/wp\/v2\/types\/post"}],"author":[{"embeddable":true,"href":"http:\/\/staging.ibermusicas.org\/index.php\/wp-json\/wp\/v2\/users\/7"}],"replies":[{"embeddable":true,"href":"http:\/\/staging.ibermusicas.org\/index.php\/wp-json\/wp\/v2\/comments?post=22677"}],"version-history":[{"count":1,"href":"http:\/\/staging.ibermusicas.org\/index.php\/wp-json\/wp\/v2\/posts\/22677\/revisions"}],"predecessor-version":[{"id":22679,"href":"http:\/\/staging.ibermusicas.org\/index.php\/wp-json\/wp\/v2\/posts\/22677\/revisions\/22679"}],"wp:featuredmedia":[{"embeddable":true,"href":"http:\/\/staging.ibermusicas.org\/index.php\/wp-json\/wp\/v2\/media\/22678"}],"wp:attachment":[{"href":"http:\/\/staging.ibermusicas.org\/index.php\/wp-json\/wp\/v2\/media?parent=22677"}],"wp:term":[{"taxonomy":"category","embeddable":true,"href":"http:\/\/staging.ibermusicas.org\/index.php\/wp-json\/wp\/v2\/categories?post=22677"},{"taxonomy":"post_tag","embeddable":true,"href":"http:\/\/staging.ibermusicas.org\/index.php\/wp-json\/wp\/v2\/tags?post=22677"}],"curies":[{"name":"wp","href":"https:\/\/api.w.org\/{rel}","templated":true}]}}