{"id":22682,"date":"2025-06-04T14:08:43","date_gmt":"2025-06-04T14:08:43","guid":{"rendered":"http:\/\/staging.ibermusicas.org\/?p=22682"},"modified":"2025-06-04T14:08:43","modified_gmt":"2025-06-04T14:08:43","slug":"la-gran-pianista-portuguesa-marta-menezes-se-presentara-en-el-teatro-solis-de-montevideo-junto-a-la-orquesta-filarmonica-de-montevideo-dirigida-por-carlos-vieu","status":"publish","type":"post","link":"http:\/\/staging.ibermusicas.org\/index.php\/la-gran-pianista-portuguesa-marta-menezes-se-presentara-en-el-teatro-solis-de-montevideo-junto-a-la-orquesta-filarmonica-de-montevideo-dirigida-por-carlos-vieu\/","title":{"rendered":"La gran pianista portuguesa Marta Menezes se presentar\u00e1 en el Teatro Sol\u00eds de Montevideo junto a la Orquesta Filarm\u00f3nica de Montevideo dirigida por Carlos Vieu"},"content":{"rendered":"<p>La Orquesta Filarm\u00f3nica de Montevideo celebra el 150\u00ba aniversario de Maurice Ravel con uno de sus emblem\u00e1ticos conciertos y para ello cuenta con el apoyo de la Embajada de Portugal e Iberm\u00fasicas. El director argentino Carlos Vieu retorna al podio de la Filarm\u00f3nica con un programa maravilloso junto a una de las pianista m\u00e1s reconocidas de Portugal en los \u00faltimos tiempos Marta Menezes.<\/p>\n<p>&nbsp;<\/p>\n<p>El programa estar\u00e1 integrado por:<\/p>\n<ul>\n<li><em>Obertura Sinf\u00f3nica N\u00ba3<\/em> de Joly Braga Santos<\/li>\n<li><em>Concierto para la mano izquierda<\/em> de Maurice Ravel<\/li>\n<li><em>Cuadros de una exposici\u00f3n de Modest Mussorgsky en orquestaci\u00f3n de Maurice Ravel<\/em><\/li>\n<\/ul>\n<p>&nbsp;<\/p>\n<p>Marta Menezes es una de las pianistas portuguesas m\u00e1s destacadas de su generaci\u00f3n. Sus recitales exploran el di\u00e1logo entre tradici\u00f3n y originalidad, a trav\u00e9s de propuestas que resaltan el matiz, la sutileza y la sensibilidad musical caracter\u00edsticas de su interpretaci\u00f3n. Su repertorio abarca desde el barroco hasta la actualidad e incluye con frecuencia obras de compositores menos conocidos, muchos de ellos portugueses.<\/p>\n<p>&nbsp;<\/p>\n<p>Entre sus colaboraciones m\u00e1s recientes destacan los conciertos con la Orquestra Metropolitana de Lisboa, Orquesta Nacional de Espa\u00f1a, Orquestra Sinf\u00f3nica do Porto Casa da M\u00fasica y Orquesta de Val\u00e8ncia. Ha trabajado con directores como Nuno Coelho, Jaime Mart\u00edn, Karel Mark Chichon, Pedro Neves y Rui Pinheiro. Ha actuado en auditorios y festivales de todo el mundo, como el National Centre for the Performing Arts (Pek\u00edn), St. Martin-in-the-Fields (Londres), Festiwal Urodzinowy Fryderyka Chopina (Varsovia) y Centro Cultural de Bel\u00e9m (Lisboa).<\/p>\n<p>A lo largo de su carrera ha ganado varios premios, entre ellos el 1er Premio en el Concurso Beethoven del Royal College of Music (Londres) y en el Concurso Internacional de Piano de Nice, la \u00abMedalha de Prata de Valor e Distin\u00e7\u00e3o\u00bb por su carrera como pianista, concedida por el Instituto Polit\u00e9cnico de Lisboa, y la Medalla de Plata en los Global Music Awards\u00a0 (EE. UU.) por su CD con obras de Beethoven y Lopes-Gra\u00e7a, en las categor\u00edas de Piano Cl\u00e1sico y Artista Emergente.<\/p>\n<p>&nbsp;<\/p>\n<p>Carlos Vieu naci\u00f3 en Buenos Aires en 1966. Es disc\u00edpulo de Guillermo Scarabino, habiendo estudiado en los conservatorios Nacional y Municipal, y obtenido el diploma de Licenciado en Direcci\u00f3n Orquestal y Profesor en Conjuntos Instrumentales y de C\u00e1mara por la Universidad Nacional de La Plata. Se perfeccion\u00f3 con los Maestros H. Rilling, K. Masur, M. Benzecry, C. Dutoit, R. Gandolfi y A. Ros Marb\u00e0. Fue titular del Coro de la Asociaci\u00f3n Wagneriana entre 1992 y 1998. Debut\u00f3 como director de \u00f3pera en 1992, destac\u00e1ndose por su labor en las temporadas del Teatro Col\u00f3n, el Teatro Argentino de La Plata y con Buenos Aires L\u00edrica. Estuvo al frente de las principales orquestas de Sudam\u00e9rica y prestigiosas agrupaciones internacionales. Desde 2002 es director invitado permanente de la Orquesta Sinf\u00f3nica Nacional Argentina. En 2004 debut\u00f3 junto a la OFBA y en 2008 fue designado Titular de la Orquesta Estable del Teatro Col\u00f3n. En 2013 y hasta 2016 fue Director Musical del Teatro Argentino de La Plata, siendo a la vez titular de su Orquesta Estable. Desde 2014 es director invitado de la Silicon Valley Symphony (EEUU). En paralelo a su labor art\u00edstica, es docente en el ISATC, la UNA y la UCA.<\/p>\n<p>&nbsp;<\/p>\n<p>Esta presentaci\u00f3n de Marta Menezes en Montevideo, cuenta con el apoyo del Programa Iberm\u00fasicas mediante su l\u00ednea de \u201cAyuda a la circulaci\u00f3n de profesionales de la m\u00fasica\u201d, convocatoria 2024.<\/p>\n<p>&nbsp;<\/p>\n<ul>\n<li>11 de junio, 19h30 Concierto en el Teatro Sol\u00eds, Reconquista S \/ N esq, Bartolom\u00e9 Mitre, Montevideo, Uruguay<\/li>\n<li>12 de junio, 10 a 13h Clase magistral en el Auditorio de la Facultad de Artes, Avda. 18 de julio 1772, Montevideo, Uruguay<\/li>\n<\/ul>\n","protected":false},"excerpt":{"rendered":"<p>La Orquesta Filarm\u00f3nica de Montevideo celebra el 150\u00ba aniversario de Maurice Ravel con uno de sus emblem\u00e1ticos conciertos y para ello cuenta con el apoyo de la Embajada de Portugal e Iberm\u00fasicas. El director argentino Carlos Vieu retorna al podio de la Filarm\u00f3nica con un programa maravilloso junto a una de las pianista m\u00e1s reconocidas [&hellip;]<\/p>\n","protected":false},"author":7,"featured_media":22683,"comment_status":"closed","ping_status":"closed","sticky":false,"template":"","format":"standard","meta":{"footnotes":""},"categories":[53,48],"tags":[],"class_list":["post-22682","post","type-post","status-publish","format-standard","has-post-thumbnail","hentry","category-noticias-generales","category-noticias-rotativas"],"lang":"es","translations":{"es":22682,"pt":22685},"pll_sync_post":[],"post_mailing_queue_ids":[],"_links":{"self":[{"href":"http:\/\/staging.ibermusicas.org\/index.php\/wp-json\/wp\/v2\/posts\/22682","targetHints":{"allow":["GET"]}}],"collection":[{"href":"http:\/\/staging.ibermusicas.org\/index.php\/wp-json\/wp\/v2\/posts"}],"about":[{"href":"http:\/\/staging.ibermusicas.org\/index.php\/wp-json\/wp\/v2\/types\/post"}],"author":[{"embeddable":true,"href":"http:\/\/staging.ibermusicas.org\/index.php\/wp-json\/wp\/v2\/users\/7"}],"replies":[{"embeddable":true,"href":"http:\/\/staging.ibermusicas.org\/index.php\/wp-json\/wp\/v2\/comments?post=22682"}],"version-history":[{"count":1,"href":"http:\/\/staging.ibermusicas.org\/index.php\/wp-json\/wp\/v2\/posts\/22682\/revisions"}],"predecessor-version":[{"id":22684,"href":"http:\/\/staging.ibermusicas.org\/index.php\/wp-json\/wp\/v2\/posts\/22682\/revisions\/22684"}],"wp:featuredmedia":[{"embeddable":true,"href":"http:\/\/staging.ibermusicas.org\/index.php\/wp-json\/wp\/v2\/media\/22683"}],"wp:attachment":[{"href":"http:\/\/staging.ibermusicas.org\/index.php\/wp-json\/wp\/v2\/media?parent=22682"}],"wp:term":[{"taxonomy":"category","embeddable":true,"href":"http:\/\/staging.ibermusicas.org\/index.php\/wp-json\/wp\/v2\/categories?post=22682"},{"taxonomy":"post_tag","embeddable":true,"href":"http:\/\/staging.ibermusicas.org\/index.php\/wp-json\/wp\/v2\/tags?post=22682"}],"curies":[{"name":"wp","href":"https:\/\/api.w.org\/{rel}","templated":true}]}}