{"id":22685,"date":"2025-06-04T14:10:27","date_gmt":"2025-06-04T14:10:27","guid":{"rendered":"http:\/\/staging.ibermusicas.org\/?p=22685"},"modified":"2025-06-04T14:10:27","modified_gmt":"2025-06-04T14:10:27","slug":"a-renomada-pianista-portuguesa-marta-menezes-ira-apresentar-se-no-teatro-solis-de-montevideu-acompanhada-pela-orquestra-filarmonica-de-montevideu-dirigida-por-carlos-vieu","status":"publish","type":"post","link":"http:\/\/staging.ibermusicas.org\/index.php\/a-renomada-pianista-portuguesa-marta-menezes-ira-apresentar-se-no-teatro-solis-de-montevideu-acompanhada-pela-orquestra-filarmonica-de-montevideu-dirigida-por-carlos-vieu\/","title":{"rendered":"A renomada pianista portuguesa Marta Menezes ir\u00e1 apresentar-se no Teatro Sol\u00eds de Montevid\u00e9u, acompanhada pela Orquestra Filarm\u00f4nica de Montevid\u00e9u, dirigida por Carlos Vieu"},"content":{"rendered":"<p>A Orquestra Filarm\u00f4nica de Montevid\u00e9u celebra o 150.\u00ba anivers\u00e1rio de Maurice Ravel com um dos seus concertos emblem\u00e1ticos, contando com o apoio da Embaixada de Portugal e do Programa Iberm\u00fasicas. O maestro argentino Carlos Vieu regressa ao p\u00f3dio da Filarm\u00f4nica com um programa maravilhoso, acompanhado por uma das pianistas mais reconhecidas de Portugal nos \u00faltimos tempos, Marta Menezes.<\/p>\n<p>&nbsp;<\/p>\n<p>O programa ser\u00e1 composto por:<\/p>\n<ul>\n<li><em>Abertura Sinf\u00f3nica N\u00ba3<\/em> de Joly Braga Santos<\/li>\n<li><em>Concerto para a m\u00e3o esquerda<\/em> de Maurice Ravel<\/li>\n<li><em>Quadros de uma exposi\u00e7\u00e3o de Modest Mussorgsky, orquestrados por Maurice Ravel<\/em><\/li>\n<\/ul>\n<p><em>\u00a0<\/em><\/p>\n<p>Marta Menezes \u00e9 uma das pianistas portuguesas mais destacadas da sua gera\u00e7\u00e3o. Os seus recitais exploram o di\u00e1logo entre tradi\u00e7\u00e3o e originalidade, atrav\u00e9s de propostas que real\u00e7am a nuance, a subtileza e a sensibilidade musical caracter\u00edsticas da sua interpreta\u00e7\u00e3o. O seu repert\u00f3rio abrange desde o barroco at\u00e9 \u00e0 atualidade e inclui frequentemente obras de compositores menos conhecidos, muitos deles portugueses.<\/p>\n<p>&nbsp;<\/p>\n<p>Entre as suas colabora\u00e7\u00f5es mais recentes destacam-se os concertos com a Orquestra Metropolitana de Lisboa, a Orquestra Nacional de Espanha, a Orquestra Sinf\u00f3nica do Porto Casa da M\u00fasica e a Orquestra de Val\u00eancia. Trabalhou com maestros como Nuno Coelho, Jaime Mart\u00edn, Karel Mark Chichon, Pedro Neves e Rui Pinheiro. Atuou em audit\u00f3rios e festivais em todo o mundo, como o National Centre for the Performing Arts (Pequim), St. Martin-in-the-Fields (Londres), Festiwal Urodzinowy Fryderyka Chopina (Vars\u00f3via) e o Centro Cultural de Bel\u00e9m (Lisboa).<\/p>\n<p>&nbsp;<\/p>\n<p>Ao longo da sua carreira, ganhou v\u00e1rios pr\u00e9mios, entre os quais o 1.\u00ba Pr\u00e9mio no Concurso Beethoven do Royal College of Music (Londres) e no Concurso Internacional de Piano de Nice, a \u00abMedalha de Prata de Valor e Distin\u00e7\u00e3o\u00bb pela sua carreira como pianista, concedida pelo Instituto Polit\u00e9cnico de Lisboa, e a Medalha de Prata nos Global Music Awards (EUA) pelo seu CD com obras de Beethoven e Lopes-Gra\u00e7a, nas categorias de Piano Cl\u00e1ssico e Artista Emergente.<\/p>\n<p>&nbsp;<\/p>\n<p>Carlos Vieu nasceu em Buenos Aires em 1966. \u00c9 disc\u00edpulo de Guillermo Scarabino, tendo estudado nos conservat\u00f3rios Nacional e Municipal, e obtido o diploma de Licenciado em Dire\u00e7\u00e3o Orquestral e Professor de Conjuntos Instrumentais e de C\u00e2mara pela Universidade Nacional de La Plata. Aperfei\u00e7oou-se com os maestros H. Rilling, K. Masur, M. Benzecry, C. Dutoit, R. Gandolfi e A. Ros Marb\u00e0. Foi titular do Coro da Associa\u00e7\u00e3o Wagneriana entre 1992 e 1998. Estreou-se como maestro de \u00f3pera em 1992, destacando-se pelo seu trabalho nas temporadas do Teatro Col\u00f3n, do Teatro Argentino de La Plata e com a Buenos Aires L\u00edrica. Estivera \u00e0 frente das principais orquestras da Am\u00e9rica do Sul e de prestigiados grupos internacionais. Desde 2002, \u00e9 maestro convidado permanente da Orquestra Sinf\u00f3nica Nacional Argentina. Em 2004, estreou-se com a OFBA e, em 2008, foi nomeado maestro titular da Orquestra Est\u00e1vel do Teatro Col\u00f3n. De 2013 a 2016, foi diretor musical do Teatro Argentino de La Plata, sendo simultaneamente titular da sua Orquestra Est\u00e1vel. Desde 2014, \u00e9 maestro convidado da Silicon Valley Symphony (EUA). Paralelamente ao seu trabalho art\u00edstico, \u00e9 professor no ISATC, na UNA e na UCA.<\/p>\n<p>&nbsp;<\/p>\n<p>Esta apresenta\u00e7\u00e3o de Marta Menezes em Montevid\u00e9u conta com o apoio do Programa Iberm\u00fasicas atrav\u00e9s da sua linha \u00abApoio \u00e0 circula\u00e7\u00e3o de profissionais da m\u00fasica\u00bb, convocat\u00f3ria 2024.<\/p>\n<p>&nbsp;<\/p>\n<ul>\n<li>11 de junho, 19h30 Concerto no Teatro Sol\u00eds, Reconquista S\/N, esquina com Bartolom\u00e9 Mitre, Montevid\u00e9u, Uruguai<\/li>\n<li>12 de junho, das 10h \u00e0s 13h Masterclass no Audit\u00f3rio da Faculdade de Artes, Avda. 18 de Julho, 1772, Montevid\u00e9u, Uruguai<\/li>\n<\/ul>\n","protected":false},"excerpt":{"rendered":"<p>A Orquestra Filarm\u00f4nica de Montevid\u00e9u celebra o 150.\u00ba anivers\u00e1rio de Maurice Ravel com um dos seus concertos emblem\u00e1ticos, contando com o apoio da Embaixada de Portugal e do Programa Iberm\u00fasicas. O maestro argentino Carlos Vieu regressa ao p\u00f3dio da Filarm\u00f4nica com um programa maravilhoso, acompanhado por uma das pianistas mais reconhecidas de Portugal nos \u00faltimos [&hellip;]<\/p>\n","protected":false},"author":7,"featured_media":22683,"comment_status":"closed","ping_status":"closed","sticky":false,"template":"","format":"standard","meta":{"footnotes":""},"categories":[218,222],"tags":[],"class_list":["post-22685","post","type-post","status-publish","format-standard","has-post-thumbnail","hentry","category-noticias-generales-pt","category-noticias-rotativas-pt"],"lang":"pt","translations":{"pt":22685,"es":22682},"pll_sync_post":[],"post_mailing_queue_ids":[],"_links":{"self":[{"href":"http:\/\/staging.ibermusicas.org\/index.php\/wp-json\/wp\/v2\/posts\/22685","targetHints":{"allow":["GET"]}}],"collection":[{"href":"http:\/\/staging.ibermusicas.org\/index.php\/wp-json\/wp\/v2\/posts"}],"about":[{"href":"http:\/\/staging.ibermusicas.org\/index.php\/wp-json\/wp\/v2\/types\/post"}],"author":[{"embeddable":true,"href":"http:\/\/staging.ibermusicas.org\/index.php\/wp-json\/wp\/v2\/users\/7"}],"replies":[{"embeddable":true,"href":"http:\/\/staging.ibermusicas.org\/index.php\/wp-json\/wp\/v2\/comments?post=22685"}],"version-history":[{"count":1,"href":"http:\/\/staging.ibermusicas.org\/index.php\/wp-json\/wp\/v2\/posts\/22685\/revisions"}],"predecessor-version":[{"id":22686,"href":"http:\/\/staging.ibermusicas.org\/index.php\/wp-json\/wp\/v2\/posts\/22685\/revisions\/22686"}],"wp:featuredmedia":[{"embeddable":true,"href":"http:\/\/staging.ibermusicas.org\/index.php\/wp-json\/wp\/v2\/media\/22683"}],"wp:attachment":[{"href":"http:\/\/staging.ibermusicas.org\/index.php\/wp-json\/wp\/v2\/media?parent=22685"}],"wp:term":[{"taxonomy":"category","embeddable":true,"href":"http:\/\/staging.ibermusicas.org\/index.php\/wp-json\/wp\/v2\/categories?post=22685"},{"taxonomy":"post_tag","embeddable":true,"href":"http:\/\/staging.ibermusicas.org\/index.php\/wp-json\/wp\/v2\/tags?post=22685"}],"curies":[{"name":"wp","href":"https:\/\/api.w.org\/{rel}","templated":true}]}}