{"id":22687,"date":"2025-06-04T14:14:43","date_gmt":"2025-06-04T14:14:43","guid":{"rendered":"http:\/\/staging.ibermusicas.org\/?p=22687"},"modified":"2025-06-04T14:14:43","modified_gmt":"2025-06-04T14:14:43","slug":"el-compositor-uruguayo-washington-plada-llevara-adelante-su-proyecto-resonancias-ancestrales-exploraciones-sonoras-entre-lo-prehispanico-y-lo-contemporaneo","status":"publish","type":"post","link":"http:\/\/staging.ibermusicas.org\/index.php\/el-compositor-uruguayo-washington-plada-llevara-adelante-su-proyecto-resonancias-ancestrales-exploraciones-sonoras-entre-lo-prehispanico-y-lo-contemporaneo\/","title":{"rendered":"El compositor uruguayo Washington Plada llevar\u00e1 adelante su proyecto Resonancias Ancestrales: Exploraciones Sonoras entre lo Prehisp\u00e1nico y lo Contempor\u00e1neo"},"content":{"rendered":"<p>El proyecto se desarrollar\u00e1 en el Centro Mexicano para la M\u00fasica y las Artes Sonoras (CMMAS) en Morelia, M\u00e9xico, como parte de la residencia art\u00edstica de Washington Plada.<\/p>\n<p>&nbsp;<\/p>\n<p>Este proyecto explora la integraci\u00f3n de instrumentos prehisp\u00e1nicos con m\u00fasica contempor\u00e1nea y elementos electr\u00f3nicos. Durante la residencia, desarrollar\u00e1 nuevas composiciones que buscan conectar tradiciones culturales ancestrales con lenguajes musicales modernos, fomentando un di\u00e1logo creativo entre lo antiguo y lo contempor\u00e1neo. La residencia culminar\u00e1 con un concierto final en el que se presentar\u00e1n las obras creadas durante este proceso.<\/p>\n<p>&nbsp;<\/p>\n<p>Washington Plada es un compositor contempor\u00e1neo nacido en Uruguay y actualmente estudiante de doctorado en composici\u00f3n en la Universidad de Missouri-Kansas City (UMKC). Su trabajo combina influencias de la m\u00fasica latinoamericana con t\u00e9cnicas de m\u00fasica cl\u00e1sica contempor\u00e1nea y electr\u00f3nica.<\/p>\n<p>&nbsp;<\/p>\n<p>El presente proyecto de Washington Plada ha sido ganador de la convocatoria 2024 del Programa Iberm\u00fasicas en la l\u00ednea de \u201cAyuda a artistas e investigadores para residencias\u201d, convocatoria 2024.<\/p>\n<p>&nbsp;<\/p>\n<ul>\n<li>Del 15 de junio al 4 de julio en el Centro Mexicano para la M\u00fasica y las Artes Sonoras (CMMAS), Morelia, M\u00e9xico<\/li>\n<li>4 de julio: concierto final<\/li>\n<\/ul>\n","protected":false},"excerpt":{"rendered":"<p>El proyecto se desarrollar\u00e1 en el Centro Mexicano para la M\u00fasica y las Artes Sonoras (CMMAS) en Morelia, M\u00e9xico, como parte de la residencia art\u00edstica de Washington Plada. &nbsp; Este proyecto explora la integraci\u00f3n de instrumentos prehisp\u00e1nicos con m\u00fasica contempor\u00e1nea y elementos electr\u00f3nicos. Durante la residencia, desarrollar\u00e1 nuevas composiciones que buscan conectar tradiciones culturales ancestrales [&hellip;]<\/p>\n","protected":false},"author":7,"featured_media":22688,"comment_status":"closed","ping_status":"closed","sticky":false,"template":"","format":"standard","meta":{"footnotes":""},"categories":[53,48],"tags":[],"class_list":["post-22687","post","type-post","status-publish","format-standard","has-post-thumbnail","hentry","category-noticias-generales","category-noticias-rotativas"],"lang":"es","translations":{"es":22687,"pt":22690},"pll_sync_post":[],"post_mailing_queue_ids":[],"_links":{"self":[{"href":"http:\/\/staging.ibermusicas.org\/index.php\/wp-json\/wp\/v2\/posts\/22687","targetHints":{"allow":["GET"]}}],"collection":[{"href":"http:\/\/staging.ibermusicas.org\/index.php\/wp-json\/wp\/v2\/posts"}],"about":[{"href":"http:\/\/staging.ibermusicas.org\/index.php\/wp-json\/wp\/v2\/types\/post"}],"author":[{"embeddable":true,"href":"http:\/\/staging.ibermusicas.org\/index.php\/wp-json\/wp\/v2\/users\/7"}],"replies":[{"embeddable":true,"href":"http:\/\/staging.ibermusicas.org\/index.php\/wp-json\/wp\/v2\/comments?post=22687"}],"version-history":[{"count":1,"href":"http:\/\/staging.ibermusicas.org\/index.php\/wp-json\/wp\/v2\/posts\/22687\/revisions"}],"predecessor-version":[{"id":22689,"href":"http:\/\/staging.ibermusicas.org\/index.php\/wp-json\/wp\/v2\/posts\/22687\/revisions\/22689"}],"wp:featuredmedia":[{"embeddable":true,"href":"http:\/\/staging.ibermusicas.org\/index.php\/wp-json\/wp\/v2\/media\/22688"}],"wp:attachment":[{"href":"http:\/\/staging.ibermusicas.org\/index.php\/wp-json\/wp\/v2\/media?parent=22687"}],"wp:term":[{"taxonomy":"category","embeddable":true,"href":"http:\/\/staging.ibermusicas.org\/index.php\/wp-json\/wp\/v2\/categories?post=22687"},{"taxonomy":"post_tag","embeddable":true,"href":"http:\/\/staging.ibermusicas.org\/index.php\/wp-json\/wp\/v2\/tags?post=22687"}],"curies":[{"name":"wp","href":"https:\/\/api.w.org\/{rel}","templated":true}]}}