{"id":22690,"date":"2025-06-04T14:16:22","date_gmt":"2025-06-04T14:16:22","guid":{"rendered":"http:\/\/staging.ibermusicas.org\/?p=22690"},"modified":"2025-06-04T14:16:22","modified_gmt":"2025-06-04T14:16:22","slug":"o-compositor-uruguaio-washington-plada-levara-adiante-seu-projeto-ressonancias-ancestrais-exploracoes-sonoras-entre-o-pre-hispanico-e-o-contemporaneo","status":"publish","type":"post","link":"http:\/\/staging.ibermusicas.org\/index.php\/o-compositor-uruguaio-washington-plada-levara-adiante-seu-projeto-ressonancias-ancestrais-exploracoes-sonoras-entre-o-pre-hispanico-e-o-contemporaneo\/","title":{"rendered":"O compositor uruguaio Washington Plada levar\u00e1 adiante seu projeto Resson\u00e2ncias Ancestrais: Explora\u00e7\u00f5es Sonoras entre o Pr\u00e9-hisp\u00e2nico e o Contempor\u00e2neo"},"content":{"rendered":"<p>O projeto ser\u00e1 desenvolvido no Centro Mexicano para a M\u00fasica e as Artes Sonoras (CMMAS) em Morelia, M\u00e9xico, como parte da resid\u00eancia art\u00edstica de Washington Plada.<\/p>\n<p>&nbsp;<\/p>\n<p>Este projeto explora a integra\u00e7\u00e3o de instrumentos pr\u00e9-hisp\u00e2nicos com m\u00fasica contempor\u00e2nea e elementos eletr\u00f4nicos. Durante a resid\u00eancia, ele desenvolver\u00e1 novas composi\u00e7\u00f5es que buscam conectar tradi\u00e7\u00f5es culturais ancestrais com linguagens musicais modernas, promovendo um di\u00e1logo criativo entre o antigo e o contempor\u00e2neo. A resid\u00eancia ser\u00e1 encerrada com um concerto final, no qual ser\u00e3o apresentadas as obras criadas durante este processo.<\/p>\n<p>&nbsp;<\/p>\n<p>Washington Plada \u00e9 um compositor contempor\u00e2neo nascido no Uruguai e atualmente estudante de doutorado em composi\u00e7\u00e3o na Universidade de Missouri-Kansas City (UMKC). Seu trabalho combina influ\u00eancias da m\u00fasica latino-americana com t\u00e9cnicas da m\u00fasica cl\u00e1ssica contempor\u00e2nea e eletr\u00f4nica.<\/p>\n<p>&nbsp;<\/p>\n<p>O presente projeto de Washington Plada foi vencedor da convocat\u00f3ria 2024 do Programa Iberm\u00fasicas na linha \u201cAjuda a artistas e investigadores para resid\u00eancias\u201d, convocat\u00f3ria 2024.<\/p>\n<p>&nbsp;<\/p>\n<ul>\n<li>De 15 de junho a 4 de julho no Centro Mexicano para a M\u00fasica e as Artes Sonoras (CMMAS), Morelia, M\u00e9xico<\/li>\n<li>4 de julho: concerto final<\/li>\n<\/ul>\n","protected":false},"excerpt":{"rendered":"<p>O projeto ser\u00e1 desenvolvido no Centro Mexicano para a M\u00fasica e as Artes Sonoras (CMMAS) em Morelia, M\u00e9xico, como parte da resid\u00eancia art\u00edstica de Washington Plada. &nbsp; Este projeto explora a integra\u00e7\u00e3o de instrumentos pr\u00e9-hisp\u00e2nicos com m\u00fasica contempor\u00e2nea e elementos eletr\u00f4nicos. Durante a resid\u00eancia, ele desenvolver\u00e1 novas composi\u00e7\u00f5es que buscam conectar tradi\u00e7\u00f5es culturais ancestrais com [&hellip;]<\/p>\n","protected":false},"author":7,"featured_media":22688,"comment_status":"closed","ping_status":"closed","sticky":false,"template":"","format":"standard","meta":{"footnotes":""},"categories":[218,222],"tags":[],"class_list":["post-22690","post","type-post","status-publish","format-standard","has-post-thumbnail","hentry","category-noticias-generales-pt","category-noticias-rotativas-pt"],"lang":"pt","translations":{"pt":22690,"es":22687},"pll_sync_post":[],"post_mailing_queue_ids":[],"_links":{"self":[{"href":"http:\/\/staging.ibermusicas.org\/index.php\/wp-json\/wp\/v2\/posts\/22690","targetHints":{"allow":["GET"]}}],"collection":[{"href":"http:\/\/staging.ibermusicas.org\/index.php\/wp-json\/wp\/v2\/posts"}],"about":[{"href":"http:\/\/staging.ibermusicas.org\/index.php\/wp-json\/wp\/v2\/types\/post"}],"author":[{"embeddable":true,"href":"http:\/\/staging.ibermusicas.org\/index.php\/wp-json\/wp\/v2\/users\/7"}],"replies":[{"embeddable":true,"href":"http:\/\/staging.ibermusicas.org\/index.php\/wp-json\/wp\/v2\/comments?post=22690"}],"version-history":[{"count":1,"href":"http:\/\/staging.ibermusicas.org\/index.php\/wp-json\/wp\/v2\/posts\/22690\/revisions"}],"predecessor-version":[{"id":22691,"href":"http:\/\/staging.ibermusicas.org\/index.php\/wp-json\/wp\/v2\/posts\/22690\/revisions\/22691"}],"wp:featuredmedia":[{"embeddable":true,"href":"http:\/\/staging.ibermusicas.org\/index.php\/wp-json\/wp\/v2\/media\/22688"}],"wp:attachment":[{"href":"http:\/\/staging.ibermusicas.org\/index.php\/wp-json\/wp\/v2\/media?parent=22690"}],"wp:term":[{"taxonomy":"category","embeddable":true,"href":"http:\/\/staging.ibermusicas.org\/index.php\/wp-json\/wp\/v2\/categories?post=22690"},{"taxonomy":"post_tag","embeddable":true,"href":"http:\/\/staging.ibermusicas.org\/index.php\/wp-json\/wp\/v2\/tags?post=22690"}],"curies":[{"name":"wp","href":"https:\/\/api.w.org\/{rel}","templated":true}]}}